[{"command":"settings","settings":{"pluralDelimiter":"\u0003","suppressDeprecationErrors":true,"ajaxPageState":{"libraries":"eJxLzi9K1S_ITC4pLUpNy8zJ0UmpzEvMzUyOT80rySypjM_JLC7RL87IL4_PBaoEALH_EqY","theme":"ivory","theme_token":null},"ajaxTrustedUrl":[],"user":{"uid":0,"permissionsHash":"9c975576f1b96e43d31b3ff34c1ca6b53b6096ff14d83974ef00f2d68011e8fb"}},"merge":true},{"command":"add_css","data":[{"rel":"stylesheet","media":"all","href":"\/core\/themes\/stable9\/css\/core\/components\/progress.module.css?te7139"},{"rel":"stylesheet","media":"all","href":"\/core\/themes\/stable9\/css\/core\/components\/ajax-progress.module.css?te7139"},{"rel":"stylesheet","media":"all","href":"\/themes\/contrib\/gin\/dist\/css\/components\/ajax.css?te7139"}]},{"command":"add_js","selector":"body","data":[{"src":"\/core\/assets\/vendor\/jquery\/jquery.min.js?v=4.0.0"},{"src":"\/sites\/default\/files\/js\/js_Xu9-RUcUkmz9rej0V9CLnBurhzyWHDCbXIdEQUnTs84.js?scope=footer\u0026delta=1\u0026language=de-kk\u0026theme=ivory\u0026include=eJxLqcxLzM1Mjk_NK8ksqYzPySwu0S_OyC-Pz80vSgUAtBcL_w"}]},{"command":"showMoreTeasers","id":"del--paragraph-736114","content":"\u003Ca href=\u0022\/waermepumpentechnik\/daikin-r-290-waermepumpen-und-kaltwassersaetze\u0022  class=\u0022teaser teaser--standard\u0022 aria-label=\u0022R\u2009290-W\u00e4rmepumpen und Kaltwassers\u00e4tze\r\u0022\u003E\n      \u003Cdiv class=\u0022teaser-content--image\u0022\u003E\n        \u003Cfigure class=\u0022image--figure\u0022\u003E\n        \u003Cpicture\u003E\n                        \u003Csource srcset=\u0022\/sites\/default\/files\/styles\/teaser_standard__m\/public\/aurora\/2026\/03\/524959.jpeg.webp?itok=AYDSeykx 1x\u0022 media=\u0022(min-width: 48.0625em) and (max-width: 64em)\u0022 type=\u0022image\/webp\u0022 width=\u0022162\u0022 height=\u0022242\u0022\/\u003E\n                  \u003Csource srcset=\u0022\/sites\/default\/files\/styles\/teaser_standard__l\/public\/aurora\/2026\/03\/524959.jpeg.webp?itok=1PsNQZAd 1x\u0022 media=\u0022(min-width: 64.0625em)\u0022 type=\u0022image\/webp\u0022 width=\u0022102\u0022 height=\u0022152\u0022\/\u003E\n                  \u003Csource srcset=\u0022\/sites\/default\/files\/styles\/teaser_standard__m\/public\/aurora\/2026\/03\/524959.jpeg?itok=MfgdCVKk 1x\u0022 media=\u0022(min-width: 48.0625em) and (max-width: 64em)\u0022 type=\u0022image\/jpeg\u0022 width=\u0022162\u0022 height=\u0022242\u0022\/\u003E\n                  \u003Csource srcset=\u0022\/sites\/default\/files\/styles\/teaser_standard__l\/public\/aurora\/2026\/03\/524959.jpeg?itok=Cpc9RINk 1x\u0022 media=\u0022(min-width: 64.0625em)\u0022 type=\u0022image\/jpeg\u0022 width=\u0022102\u0022 height=\u0022152\u0022\/\u003E\n                          \u003Cimg loading=\u0022eager\u0022 data-caption-hide width=\u0022267\u0022 height=\u0022398\u0022 data-zoomed=\u0022https:\/\/www.diekaelte.de\/sites\/default\/files\/styles\/content__zoomed\/public\/aurora\/2026\/03\/524959.jpeg?itok=KXfWxXh4\u0022 src=\u0022\/sites\/default\/files\/styles\/teaser_standard__s\/public\/aurora\/2026\/03\/524959.jpeg?itok=ocnsIoV-\u0022 title=\u0022Drei gro\u00dfe Klimager\u00e4te auf einem Dach mit B\u00e4umen und blauem Himmel im Hintergrund. - \u00a9 Bild: Daikin\u0022 \/\u003E\n\n    \u003C\/picture\u003E\n      \u003Cfigcaption class=\u0022image--figcaption\u0022\u003E\n          \u003Cdiv class=\u0022copyright\u0022\u003EBild: Daikin\u003C\/div\u003E\n          \u003C\/figcaption\u003E\n\u003C\/figure\u003E\n\n\n    \u003C\/div\u003E\n    \u003Cdiv class=\u0022teaser-content\u0022\u003E\n                    \u003Cdiv class=\u0022teaser-content--kicker\u0022\u003E\n                    Daikin\n\n        \u003C\/div\u003E\n                                              \n                        \n        \u003Ch4 class=\u0022teaser-content--headline\u0022\u003E\n                                R\u2009290-W\u00e4rmepumpen und \n                              \u003Cspan class=\u0022headline-last-word-arrow\u0022\u003EKaltwassers\u00e4tze              \u003Cspan\n                  class=\u0022permission-lock permission-lock-icon--lock\u0022\u003E\u003C\/span\u003E\n                                  \u003C\/span\u003E\n        \u003C\/h4\u003E\n            \u003Cdiv class=\u0022teaser-content--publishing-date\u0022\u003E\u003Ctime datetime=\u00222026-03-31T07:42:04Z\u0022\u003E31.03.2026\u003C\/time\u003E\n\u003C\/div\u003E\u003Cspan class=\u0022teaser-content--publishing-date-divider\u0022\u003E - \u003C\/span\u003E\u003Cdiv class=\u0022teaser-content--body\u0022\u003E  \u003Cp\u003EDaikin f\u00fchrt Kaltwassers\u00e4tze und Gro\u00dfw\u00e4rmepumpen ein, die R\u2009290 nutzen. Die beiden Baureihen decken einen Leistungsbereich von 17 bis 2160\u2009kW ab. Die Monoblock-Ger\u00e4te der Serie Ewa(y)k-cz sind f\u00fcr Leistungen von 17 bis 85\u2009kW ausgelegt und als Luft-Wasser-W\u00e4rmepumpen oder luftgek\u00fchlte Kaltwassers\u00e4tze...\u003C\/p\u003E\n\n\n\u003C\/div\u003E\n                        \u003Cspan class=\u0022read-more-arrow-container\u0022\u003E\n            \u003Cspan class=\u0022read-more-angled-arrow\u0022\u003E \u003C\/span\u003E\n          \u003C\/span\u003E\n                  \u003C\/div\u003E\n    \u003C\/a\u003E\n\u003Ca href=\u0022\/waermepumpentechnik\/trane-hochtemperatur-waermepumpe-fuer-industrielle-prozesse\u0022  class=\u0022teaser teaser--standard\u0022 aria-label=\u0022Hochtemperatur-W\u00e4rmepumpe f\u00fcr industrielle Prozesse\r\u0022\u003E\n      \u003Cdiv class=\u0022teaser-content--image\u0022\u003E\n        \u003Cfigure class=\u0022image--figure\u0022\u003E\n        \u003Cpicture\u003E\n                        \u003Csource srcset=\u0022\/sites\/default\/files\/styles\/teaser_standard__m\/public\/aurora\/2026\/03\/524961.jpeg.webp?itok=O7cUcg8G 1x\u0022 media=\u0022(min-width: 48.0625em) and (max-width: 64em)\u0022 type=\u0022image\/webp\u0022 width=\u0022323\u0022 height=\u0022182\u0022\/\u003E\n                  \u003Csource srcset=\u0022\/sites\/default\/files\/styles\/teaser_standard__l\/public\/aurora\/2026\/03\/524961.jpeg.webp?itok=FnnoSGVd 1x\u0022 media=\u0022(min-width: 64.0625em)\u0022 type=\u0022image\/webp\u0022 width=\u0022203\u0022 height=\u0022114\u0022\/\u003E\n                  \u003Csource srcset=\u0022\/sites\/default\/files\/styles\/teaser_standard__m\/public\/aurora\/2026\/03\/524961.jpeg?itok=gIDygr_G 1x\u0022 media=\u0022(min-width: 48.0625em) and (max-width: 64em)\u0022 type=\u0022image\/jpeg\u0022 width=\u0022323\u0022 height=\u0022182\u0022\/\u003E\n                  \u003Csource srcset=\u0022\/sites\/default\/files\/styles\/teaser_standard__l\/public\/aurora\/2026\/03\/524961.jpeg?itok=DOewvaVF 1x\u0022 media=\u0022(min-width: 64.0625em)\u0022 type=\u0022image\/jpeg\u0022 width=\u0022203\u0022 height=\u0022114\u0022\/\u003E\n                          \u003Cimg loading=\u0022eager\u0022 data-caption-hide width=\u0022707\u0022 height=\u0022398\u0022 data-zoomed=\u0022https:\/\/www.diekaelte.de\/sites\/default\/files\/styles\/content__zoomed\/public\/aurora\/2026\/03\/524961.jpeg?itok=dcvVNgOx\u0022 src=\u0022\/sites\/default\/files\/styles\/teaser_standard__s\/public\/aurora\/2026\/03\/524961.jpeg?itok=Y4aTOQEt\u0022 title=\u0022Gro\u00dfes industrielles K\u00fchlaggregat mit freiliegenden Kupferrohren und Schalttafeln, beschriftet mit \u0026quot;Trane XStream\u0026quot;. - \u00a9 Bild: Trane\u0022 \/\u003E\n\n    \u003C\/picture\u003E\n      \u003Cfigcaption class=\u0022image--figcaption\u0022\u003E\n          \u003Cdiv class=\u0022copyright\u0022\u003EBild: Trane\u003C\/div\u003E\n          \u003C\/figcaption\u003E\n\u003C\/figure\u003E\n\n\n    \u003C\/div\u003E\n    \u003Cdiv class=\u0022teaser-content\u0022\u003E\n                    \u003Cdiv class=\u0022teaser-content--kicker\u0022\u003E\n                    Trane\n\n        \u003C\/div\u003E\n                                              \n                        \n        \u003Ch4 class=\u0022teaser-content--headline\u0022\u003E\n                                Hochtemperatur-W\u00e4rmepumpe f\u00fcr industrielle \n                              \u003Cspan class=\u0022headline-last-word-arrow\u0022\u003EProzesse              \u003Cspan\n                  class=\u0022permission-lock permission-lock-icon--lock\u0022\u003E\u003C\/span\u003E\n                                  \u003C\/span\u003E\n        \u003C\/h4\u003E\n            \u003Cdiv class=\u0022teaser-content--publishing-date\u0022\u003E\u003Ctime datetime=\u00222026-03-31T07:42:01Z\u0022\u003E31.03.2026\u003C\/time\u003E\n\u003C\/div\u003E\u003Cspan class=\u0022teaser-content--publishing-date-divider\u0022\u003E - \u003C\/span\u003E\u003Cdiv class=\u0022teaser-content--body\u0022\u003E  \u003Cp\u003ETrane erweitert sein Portfolio um die Wasser\/Wasser-W\u00e4rmepumpe RTWF\u2009HT f\u00fcr industrielle \u003Cbr\u003EHeizanwendungen im mittleren bis hohen Temperaturbereich. Basierend auf der XStream-Plattform liefert die Anlage Hei\u00dfwasser mit Temperaturen von bis zu 105\u2009\u00b0C und erreicht Heizleistungen von bis zu 1,5\u2009MW pro...\u003C\/p\u003E\n\n\n\u003C\/div\u003E\n                        \u003Cspan class=\u0022read-more-arrow-container\u0022\u003E\n            \u003Cspan class=\u0022read-more-angled-arrow\u0022\u003E \u003C\/span\u003E\n          \u003C\/span\u003E\n                  \u003C\/div\u003E\n    \u003C\/a\u003E\n\u003Ca href=\u0022\/waermepumpentechnik\/ratiotherm-luft-wasser-waermepumpe-fuer-grossgebaeude\u0022  class=\u0022teaser teaser--standard\u0022 aria-label=\u0022Luft\/Wasser-W\u00e4rmepumpe f\u00fcr Gro\u00dfgeb\u00e4ude\r\u0022\u003E\n      \u003Cdiv class=\u0022teaser-content--image\u0022\u003E\n        \u003Cfigure class=\u0022image--figure\u0022\u003E\n        \u003Cpicture\u003E\n                        \u003Csource srcset=\u0022\/sites\/default\/files\/styles\/teaser_standard__m\/public\/aurora\/2026\/03\/516740.jpeg.webp?itok=a9_OE0hK 1x\u0022 media=\u0022(min-width: 48.0625em) and (max-width: 64em)\u0022 type=\u0022image\/webp\u0022 width=\u0022315\u0022 height=\u0022242\u0022\/\u003E\n                  \u003Csource srcset=\u0022\/sites\/default\/files\/styles\/teaser_standard__l\/public\/aurora\/2026\/03\/516740.jpeg.webp?itok=t5qIbwKr 1x\u0022 media=\u0022(min-width: 64.0625em)\u0022 type=\u0022image\/webp\u0022 width=\u0022198\u0022 height=\u0022152\u0022\/\u003E\n                  \u003Csource srcset=\u0022\/sites\/default\/files\/styles\/teaser_standard__m\/public\/aurora\/2026\/03\/516740.jpeg?itok=A1eTRhoH 1x\u0022 media=\u0022(min-width: 48.0625em) and (max-width: 64em)\u0022 type=\u0022image\/jpeg\u0022 width=\u0022315\u0022 height=\u0022242\u0022\/\u003E\n                  \u003Csource srcset=\u0022\/sites\/default\/files\/styles\/teaser_standard__l\/public\/aurora\/2026\/03\/516740.jpeg?itok=0pNZC_ns 1x\u0022 media=\u0022(min-width: 64.0625em)\u0022 type=\u0022image\/jpeg\u0022 width=\u0022198\u0022 height=\u0022152\u0022\/\u003E\n                          \u003Cimg loading=\u0022eager\u0022 data-caption-hide width=\u0022519\u0022 height=\u0022398\u0022 data-zoomed=\u0022https:\/\/www.diekaelte.de\/sites\/default\/files\/styles\/content__zoomed\/public\/aurora\/2026\/03\/516740.jpeg?itok=arETPSpW\u0022 src=\u0022\/sites\/default\/files\/styles\/teaser_standard__s\/public\/aurora\/2026\/03\/516740.jpeg?itok=XdWCgNeT\u0022 title=\u0022Gro\u00dfe W\u00e4rmepumpeneinheit f\u00fcr den Au\u00dfenbereich mit schwarzen Lamellen und rotem Rahmen, die neben einem Geb\u00e4ude installiert ist. - \u00a9 Bild: Ratiotherm\u0022 \/\u003E\n\n    \u003C\/picture\u003E\n      \u003Cfigcaption class=\u0022image--figcaption\u0022\u003E\n          \u003Cdiv class=\u0022copyright\u0022\u003EBild: Ratiotherm\u003C\/div\u003E\n          \u003C\/figcaption\u003E\n\u003C\/figure\u003E\n\n\n    \u003C\/div\u003E\n    \u003Cdiv class=\u0022teaser-content\u0022\u003E\n                    \u003Cdiv class=\u0022teaser-content--kicker\u0022\u003E\n                    Ratiotherm\n\n        \u003C\/div\u003E\n                                              \n                        \n        \u003Ch4 class=\u0022teaser-content--headline\u0022\u003E\n                                Luft\/Wasser-W\u00e4rmepumpe f\u00fcr \n                              \u003Cspan class=\u0022headline-last-word-arrow\u0022\u003EGro\u00dfgeb\u00e4ude              \u003Cspan\n                  class=\u0022permission-lock permission-lock-icon--lock\u0022\u003E\u003C\/span\u003E\n                                  \u003C\/span\u003E\n        \u003C\/h4\u003E\n            \u003Cdiv class=\u0022teaser-content--publishing-date\u0022\u003E\u003Ctime datetime=\u00222026-03-03T08:53:27Z\u0022\u003E03.03.2026\u003C\/time\u003E\n\u003C\/div\u003E\u003Cspan class=\u0022teaser-content--publishing-date-divider\u0022\u003E - \u003C\/span\u003E\u003Cdiv class=\u0022teaser-content--body\u0022\u003E  \u003Cp\u003ERatiotherm bietet mit der WP Max-AirMono F\u200967 eine Luft\/Wasser-W\u00e4rmepumpe in Monoblock-Ausf\u00fchrung f\u00fcr gro\u00dfe Geb\u00e4ude wie Mehrfamilienh\u00e4user und Gewerbeimmobilien. Das Ger\u00e4t \u00fcbernimmt das Heizen, K\u00fchlen und die Warmwasserbereitung. In der Au\u00dfeneinheit sind zwei unabh\u00e4ngige K\u00e4ltekreise mit einer...\u003C\/p\u003E\n\n\n\u003C\/div\u003E\n                        \u003Cspan class=\u0022read-more-arrow-container\u0022\u003E\n            \u003Cspan class=\u0022read-more-angled-arrow\u0022\u003E \u003C\/span\u003E\n          \u003C\/span\u003E\n                  \u003C\/div\u003E\n    \u003C\/a\u003E\n\u003Ca href=\u0022\/waermepumpentechnik\/midea-innenaufgestellte-waermepumpe\u0022  class=\u0022teaser teaser--standard\u0022 aria-label=\u0022Innenaufgestellte W\u00e4rmepumpe\r\u0022\u003E\n      \u003Cdiv class=\u0022teaser-content--image\u0022\u003E\n        \u003Cfigure class=\u0022image--figure\u0022\u003E\n        \u003Cpicture\u003E\n                        \u003Csource srcset=\u0022\/sites\/default\/files\/styles\/teaser_standard__m\/public\/aurora\/2026\/03\/516742.jpeg.webp?itok=8wLf6fl8 1x\u0022 media=\u0022(min-width: 48.0625em) and (max-width: 64em)\u0022 type=\u0022image\/webp\u0022 width=\u0022240\u0022 height=\u0022242\u0022\/\u003E\n                  \u003Csource srcset=\u0022\/sites\/default\/files\/styles\/teaser_standard__l\/public\/aurora\/2026\/03\/516742.jpeg.webp?itok=KDt1A5-F 1x\u0022 media=\u0022(min-width: 64.0625em)\u0022 type=\u0022image\/webp\u0022 width=\u0022151\u0022 height=\u0022152\u0022\/\u003E\n                  \u003Csource srcset=\u0022\/sites\/default\/files\/styles\/teaser_standard__m\/public\/aurora\/2026\/03\/516742.jpeg?itok=1BFjhGey 1x\u0022 media=\u0022(min-width: 48.0625em) and (max-width: 64em)\u0022 type=\u0022image\/jpeg\u0022 width=\u0022240\u0022 height=\u0022242\u0022\/\u003E\n                  \u003Csource srcset=\u0022\/sites\/default\/files\/styles\/teaser_standard__l\/public\/aurora\/2026\/03\/516742.jpeg?itok=IdhPLgik 1x\u0022 media=\u0022(min-width: 64.0625em)\u0022 type=\u0022image\/jpeg\u0022 width=\u0022151\u0022 height=\u0022152\u0022\/\u003E\n                          \u003Cimg loading=\u0022eager\u0022 data-caption-hide width=\u0022395\u0022 height=\u0022398\u0022 data-zoomed=\u0022https:\/\/www.diekaelte.de\/sites\/default\/files\/styles\/content__zoomed\/public\/aurora\/2026\/03\/516742.jpeg?itok=MVQ2KJca\u0022 src=\u0022\/sites\/default\/files\/styles\/teaser_standard__s\/public\/aurora\/2026\/03\/516742.jpeg?itok=lp4QDW8z\u0022 title=\u0022Ein wei\u00dfes Wandl\u00fcftungsger\u00e4t mit digitalem Anzeigefeld vor einer grau gefliesten Wand. - \u00a9 Bild: Midea\u0022 \/\u003E\n\n    \u003C\/picture\u003E\n      \u003Cfigcaption class=\u0022image--figcaption\u0022\u003E\n          \u003Cdiv class=\u0022copyright\u0022\u003EBild: Midea\u003C\/div\u003E\n          \u003C\/figcaption\u003E\n\u003C\/figure\u003E\n\n\n    \u003C\/div\u003E\n    \u003Cdiv class=\u0022teaser-content\u0022\u003E\n                    \u003Cdiv class=\u0022teaser-content--kicker\u0022\u003E\n                    Midea\n\n        \u003C\/div\u003E\n                                              \n                        \n        \u003Ch4 class=\u0022teaser-content--headline\u0022\u003E\n                                Innenaufgestellte \n                              \u003Cspan class=\u0022headline-last-word-arrow\u0022\u003EW\u00e4rmepumpe              \u003Cspan\n                  class=\u0022permission-lock permission-lock-icon--lock\u0022\u003E\u003C\/span\u003E\n                                  \u003C\/span\u003E\n        \u003C\/h4\u003E\n            \u003Cdiv class=\u0022teaser-content--publishing-date\u0022\u003E\u003Ctime datetime=\u00222026-03-03T08:53:24Z\u0022\u003E03.03.2026\u003C\/time\u003E\n\u003C\/div\u003E\u003Cspan class=\u0022teaser-content--publishing-date-divider\u0022\u003E - \u003C\/span\u003E\u003Cdiv class=\u0022teaser-content--body\u0022\u003E  \u003Cp\u003EMidea bietet mit der H-Pack eine innenaufgestellte W\u00e4rmepumpe f\u00fcr den Sanierungs- und Bestandsmarkt. Durch die reine Innenaufstellung ohne Au\u00dfenger\u00e4t reduzieren sich Platzbedarf und Installationsaufwand. Das System nutzt R\u2009290 und ist f\u00fcr das Heizen, K\u00fchlen sowie die Warmwasserbereitung geeignet...\u003C\/p\u003E\n\n\n\u003C\/div\u003E\n                        \u003Cspan class=\u0022read-more-arrow-container\u0022\u003E\n            \u003Cspan class=\u0022read-more-angled-arrow\u0022\u003E \u003C\/span\u003E\n          \u003C\/span\u003E\n                  \u003C\/div\u003E\n    \u003C\/a\u003E\n\u003Ca href=\u0022\/waermepumpentechnik\/afriso-absicherung-von-r-290-waermepumpen-bei-stromausfall\u0022  class=\u0022teaser teaser--standard\u0022 aria-label=\u0022Absicherung von R\u2009290-W\u00e4rmepumpen bei Stromausfall\r\u0022\u003E\n      \u003Cdiv class=\u0022teaser-content--image\u0022\u003E\n        \u003Cfigure class=\u0022image--figure\u0022\u003E\n        \u003Cpicture\u003E\n                        \u003Csource srcset=\u0022\/sites\/default\/files\/styles\/teaser_standard__m\/public\/aurora\/2026\/02\/509997.jpeg.webp?itok=A2L0MDlD 1x\u0022 media=\u0022(min-width: 48.0625em) and (max-width: 64em)\u0022 type=\u0022image\/webp\u0022 width=\u0022247\u0022 height=\u0022242\u0022\/\u003E\n                  \u003Csource srcset=\u0022\/sites\/default\/files\/styles\/teaser_standard__l\/public\/aurora\/2026\/02\/509997.jpeg.webp?itok=7LtYUIjS 1x\u0022 media=\u0022(min-width: 64.0625em)\u0022 type=\u0022image\/webp\u0022 width=\u0022155\u0022 height=\u0022152\u0022\/\u003E\n                  \u003Csource srcset=\u0022\/sites\/default\/files\/styles\/teaser_standard__m\/public\/aurora\/2026\/02\/509997.jpeg?itok=yGrPSPTF 1x\u0022 media=\u0022(min-width: 48.0625em) and (max-width: 64em)\u0022 type=\u0022image\/jpeg\u0022 width=\u0022247\u0022 height=\u0022242\u0022\/\u003E\n                  \u003Csource srcset=\u0022\/sites\/default\/files\/styles\/teaser_standard__l\/public\/aurora\/2026\/02\/509997.jpeg?itok=LkuKWBfL 1x\u0022 media=\u0022(min-width: 64.0625em)\u0022 type=\u0022image\/jpeg\u0022 width=\u0022155\u0022 height=\u0022152\u0022\/\u003E\n                          \u003Cimg loading=\u0022eager\u0022 data-caption-hide width=\u0022406\u0022 height=\u0022398\u0022 data-zoomed=\u0022https:\/\/www.diekaelte.de\/sites\/default\/files\/styles\/content__zoomed\/public\/aurora\/2026\/02\/509997.jpeg?itok=pEYQkOeV\u0022 src=\u0022\/sites\/default\/files\/styles\/teaser_standard__s\/public\/aurora\/2026\/02\/509997.jpeg?itok=4pmzEZEK\u0022 title=\u0022Drei Gassicherheitsvorrichtungen aus Messing und eine wei\u00dfe Steuereinheit mit der Aufschrift AFRISO mit Tasten und Kontrollleuchten. - \u00a9 Bild: Afriso\u0022 \/\u003E\n\n    \u003C\/picture\u003E\n      \u003Cfigcaption class=\u0022image--figcaption\u0022\u003E\n          \u003Cdiv class=\u0022copyright\u0022\u003EBild: Afriso\u003C\/div\u003E\n          \u003C\/figcaption\u003E\n\u003C\/figure\u003E\n\n\n    \u003C\/div\u003E\n    \u003Cdiv class=\u0022teaser-content\u0022\u003E\n                    \u003Cdiv class=\u0022teaser-content--kicker\u0022\u003E\n                    Afriso\n\n        \u003C\/div\u003E\n                                              \n                        \n        \u003Ch4 class=\u0022teaser-content--headline\u0022\u003E\n                                Absicherung von R\u2009290-W\u00e4rmepumpen bei \n                              \u003Cspan class=\u0022headline-last-word-arrow\u0022\u003EStromausfall              \u003Cspan\n                  class=\u0022permission-lock permission-lock-icon--lock\u0022\u003E\u003C\/span\u003E\n                                  \u003C\/span\u003E\n        \u003C\/h4\u003E\n            \u003Cdiv class=\u0022teaser-content--publishing-date\u0022\u003E\u003Ctime datetime=\u00222026-02-03T13:14:47Z\u0022\u003E03.02.2026\u003C\/time\u003E\n\u003C\/div\u003E\u003Cspan class=\u0022teaser-content--publishing-date-divider\u0022\u003E - \u003C\/span\u003E\u003Cdiv class=\u0022teaser-content--body\u0022\u003E  \u003Cp\u003EAfriso-Euro-Index stellt technische L\u00f6sungen zur Absicherung von Monoblock-W\u00e4rmepumpen vor, die das K\u00e4ltemittel Propan (R\u2009290) nutzen, um Sch\u00e4den bei einem Stromausfall bei Frost zu vermeiden. Bei einem l\u00e4ngeren Stromausfall bei Minusgraden besteht die Gefahr des Einfrierens der Au\u00dfeneinheit. Dies...\u003C\/p\u003E\n\n\n\u003C\/div\u003E\n                        \u003Cspan class=\u0022read-more-arrow-container\u0022\u003E\n            \u003Cspan class=\u0022read-more-angled-arrow\u0022\u003E \u003C\/span\u003E\n          \u003C\/span\u003E\n                  \u003C\/div\u003E\n    \u003C\/a\u003E\n\u003Ca href=\u0022\/waermepumpentechnik\/kaut-hitachi-luft-wasser-waermepumpen-von-hitachi\u0022  class=\u0022teaser teaser--standard\u0022 aria-label=\u0022Luft\/Wasser-W\u00e4rmepumpen von Hitachi\r\u0022\u003E\n      \u003Cdiv class=\u0022teaser-content--image\u0022\u003E\n        \u003Cfigure class=\u0022image--figure\u0022\u003E\n        \u003Cpicture\u003E\n                        \u003Csource srcset=\u0022\/sites\/default\/files\/styles\/teaser_standard__m\/public\/aurora\/2026\/02\/509999.jpeg.webp?itok=f-Afx2QY 1x\u0022 media=\u0022(min-width: 48.0625em) and (max-width: 64em)\u0022 type=\u0022image\/webp\u0022 width=\u0022192\u0022 height=\u0022242\u0022\/\u003E\n                  \u003Csource srcset=\u0022\/sites\/default\/files\/styles\/teaser_standard__l\/public\/aurora\/2026\/02\/509999.jpeg.webp?itok=YkP2iB0L 1x\u0022 media=\u0022(min-width: 64.0625em)\u0022 type=\u0022image\/webp\u0022 width=\u0022121\u0022 height=\u0022152\u0022\/\u003E\n                  \u003Csource srcset=\u0022\/sites\/default\/files\/styles\/teaser_standard__m\/public\/aurora\/2026\/02\/509999.jpeg?itok=TfTmRN5v 1x\u0022 media=\u0022(min-width: 48.0625em) and (max-width: 64em)\u0022 type=\u0022image\/jpeg\u0022 width=\u0022192\u0022 height=\u0022242\u0022\/\u003E\n                  \u003Csource srcset=\u0022\/sites\/default\/files\/styles\/teaser_standard__l\/public\/aurora\/2026\/02\/509999.jpeg?itok=GWbwNurL 1x\u0022 media=\u0022(min-width: 64.0625em)\u0022 type=\u0022image\/jpeg\u0022 width=\u0022121\u0022 height=\u0022152\u0022\/\u003E\n                          \u003Cimg loading=\u0022eager\u0022 data-caption-hide width=\u0022316\u0022 height=\u0022398\u0022 data-zoomed=\u0022https:\/\/www.diekaelte.de\/sites\/default\/files\/styles\/content__zoomed\/public\/aurora\/2026\/02\/509999.jpeg?itok=AeK6K2SZ\u0022 src=\u0022\/sites\/default\/files\/styles\/teaser_standard__s\/public\/aurora\/2026\/02\/509999.jpeg?itok=RJYcXSr4\u0022 title=\u0022Hitachi Luft\/Wasser-W\u00e4rmepumpensysteme in Wei\u00df, in verschiedenen Gr\u00f6\u00dfen und Formen. - \u00a9 Bild: Kaut\u0022 \/\u003E\n\n    \u003C\/picture\u003E\n      \u003Cfigcaption class=\u0022image--figcaption\u0022\u003E\n          \u003Cdiv class=\u0022copyright\u0022\u003EBild: Kaut\u003C\/div\u003E\n          \u003C\/figcaption\u003E\n\u003C\/figure\u003E\n\n\n    \u003C\/div\u003E\n    \u003Cdiv class=\u0022teaser-content\u0022\u003E\n                    \u003Cdiv class=\u0022teaser-content--kicker\u0022\u003E\n                    Kaut-Hitachi\n\n        \u003C\/div\u003E\n                                              \n                        \n        \u003Ch4 class=\u0022teaser-content--headline\u0022\u003E\n                                Luft\/Wasser-W\u00e4rmepumpen von \n                              \u003Cspan class=\u0022headline-last-word-arrow\u0022\u003EHitachi              \u003Cspan\n                  class=\u0022permission-lock permission-lock-icon--lock\u0022\u003E\u003C\/span\u003E\n                                  \u003C\/span\u003E\n        \u003C\/h4\u003E\n            \u003Cdiv class=\u0022teaser-content--publishing-date\u0022\u003E\u003Ctime datetime=\u00222026-02-03T13:14:45Z\u0022\u003E03.02.2026\u003C\/time\u003E\n\u003C\/div\u003E\u003Cspan class=\u0022teaser-content--publishing-date-divider\u0022\u003E - \u003C\/span\u003E\u003Cdiv class=\u0022teaser-content--body\u0022\u003E  \u003Cp\u003EKaut stellt die Luft\/Wasser-W\u00e4rmepumpen-Baureihe airH\u2082O von Hitachi vor, die f\u00fcr den Einsatz in Neubauten und bei der Sanierung von Heizsystemen konzipiert ist. Die Systeme nutzen je nach Modell das K\u00e4ltemittel R\u2009290 oder R\u200932 und erreichen Energieeffizienzklassen bis A+++. Die W\u00e4rmepumpen decken...\u003C\/p\u003E\n\n\n\u003C\/div\u003E\n                        \u003Cspan class=\u0022read-more-arrow-container\u0022\u003E\n            \u003Cspan class=\u0022read-more-angled-arrow\u0022\u003E \u003C\/span\u003E\n          \u003C\/span\u003E\n                  \u003C\/div\u003E\n    \u003C\/a\u003E\n\u003Ca href=\u0022\/waermepumpentechnik\/panasonic-brauchwasser-waermepumpe-mit-r-290\u0022  class=\u0022teaser teaser--standard\u0022 aria-label=\u0022Brauchwasser-W\u00e4rmepumpe mit R\u2009290\r\u0022\u003E\n      \u003Cdiv class=\u0022teaser-content--image\u0022\u003E\n        \u003Cfigure class=\u0022image--figure\u0022\u003E\n        \u003Cpicture\u003E\n                        \u003Csource srcset=\u0022\/sites\/default\/files\/styles\/teaser_standard__m\/public\/aurora\/2026\/02\/510001.jpeg.webp?itok=yiyM4ZHT 1x\u0022 media=\u0022(min-width: 48.0625em) and (max-width: 64em)\u0022 type=\u0022image\/webp\u0022 width=\u0022323\u0022 height=\u0022211\u0022\/\u003E\n                  \u003Csource srcset=\u0022\/sites\/default\/files\/styles\/teaser_standard__l\/public\/aurora\/2026\/02\/510001.jpeg.webp?itok=0WO2aRI9 1x\u0022 media=\u0022(min-width: 64.0625em)\u0022 type=\u0022image\/webp\u0022 width=\u0022203\u0022 height=\u0022133\u0022\/\u003E\n                  \u003Csource srcset=\u0022\/sites\/default\/files\/styles\/teaser_standard__m\/public\/aurora\/2026\/02\/510001.jpeg?itok=BcwFaWxt 1x\u0022 media=\u0022(min-width: 48.0625em) and (max-width: 64em)\u0022 type=\u0022image\/jpeg\u0022 width=\u0022323\u0022 height=\u0022211\u0022\/\u003E\n                  \u003Csource srcset=\u0022\/sites\/default\/files\/styles\/teaser_standard__l\/public\/aurora\/2026\/02\/510001.jpeg?itok=voh58tuJ 1x\u0022 media=\u0022(min-width: 64.0625em)\u0022 type=\u0022image\/jpeg\u0022 width=\u0022203\u0022 height=\u0022133\u0022\/\u003E\n                          \u003Cimg loading=\u0022eager\u0022 data-caption-hide width=\u0022609\u0022 height=\u0022398\u0022 data-zoomed=\u0022https:\/\/www.diekaelte.de\/sites\/default\/files\/styles\/content__zoomed\/public\/aurora\/2026\/02\/510001.jpeg?itok=o00zjcZX\u0022 src=\u0022\/sites\/default\/files\/styles\/teaser_standard__s\/public\/aurora\/2026\/02\/510001.jpeg?itok=IqKxyA3-\u0022 title=\u0022Moderne Waschk\u00fcche mit beigen Schr\u00e4nken, Waschmaschine, Warmwasserbereiter, Waschbecken und Regalen mit Dekorationsartikeln. - \u00a9 Bild: Panasonic\u0022 \/\u003E\n\n    \u003C\/picture\u003E\n      \u003Cfigcaption class=\u0022image--figcaption\u0022\u003E\n          \u003Cdiv class=\u0022copyright\u0022\u003EBild: Panasonic\u003C\/div\u003E\n          \u003C\/figcaption\u003E\n\u003C\/figure\u003E\n\n\n    \u003C\/div\u003E\n    \u003Cdiv class=\u0022teaser-content\u0022\u003E\n                    \u003Cdiv class=\u0022teaser-content--kicker\u0022\u003E\n                    Panasonic\n\n        \u003C\/div\u003E\n                                              \n                        \n        \u003Ch4 class=\u0022teaser-content--headline\u0022\u003E\n                                Brauchwasser-W\u00e4rmepumpe mit \n                              \u003Cspan class=\u0022headline-last-word-arrow\u0022\u003ER\u2009290              \u003Cspan\n                  class=\u0022permission-lock permission-lock-icon--lock\u0022\u003E\u003C\/span\u003E\n                                  \u003C\/span\u003E\n        \u003C\/h4\u003E\n            \u003Cdiv class=\u0022teaser-content--publishing-date\u0022\u003E\u003Ctime datetime=\u00222026-02-03T13:14:44Z\u0022\u003E03.02.2026\u003C\/time\u003E\n\u003C\/div\u003E\u003Cspan class=\u0022teaser-content--publishing-date-divider\u0022\u003E - \u003C\/span\u003E\u003Cdiv class=\u0022teaser-content--body\u0022\u003E  \u003Cp\u003EPanasonic erweitert sein Portfolio um die Aquarea Brauchwasser-W\u00e4rmepumpe, ein System, das eine W\u00e4rmepumpe mit einem integrierten Speicher kombiniert und das K\u00e4ltemittel R\u2009290 nutzt. Das Ger\u00e4t ist als bodenstehende und wandmontierte Variante mit der Energieeffizienzklasse A+ verf\u00fcgbar. Die...\u003C\/p\u003E\n\n\n\u003C\/div\u003E\n                        \u003Cspan class=\u0022read-more-arrow-container\u0022\u003E\n            \u003Cspan class=\u0022read-more-angled-arrow\u0022\u003E \u003C\/span\u003E\n          \u003C\/span\u003E\n                  \u003C\/div\u003E\n    \u003C\/a\u003E\n\u003Ca href=\u0022\/waermepumpentechnik\/stiebel-eltron-erweiterung-des-waermepumpen-portfolios\u0022  class=\u0022teaser teaser--standard\u0022 aria-label=\u0022Erweiterung des W\u00e4rmepumpen-Portfolios\r\u0022\u003E\n      \u003Cdiv class=\u0022teaser-content--image\u0022\u003E\n        \u003Cfigure class=\u0022image--figure\u0022\u003E\n        \u003Cpicture\u003E\n                        \u003Csource srcset=\u0022\/sites\/default\/files\/styles\/teaser_standard__m\/public\/aurora\/2026\/02\/510003.jpeg.webp?itok=nKB1lUVZ 1x\u0022 media=\u0022(min-width: 48.0625em) and (max-width: 64em)\u0022 type=\u0022image\/webp\u0022 width=\u0022323\u0022 height=\u0022176\u0022\/\u003E\n                  \u003Csource srcset=\u0022\/sites\/default\/files\/styles\/teaser_standard__l\/public\/aurora\/2026\/02\/510003.jpeg.webp?itok=iXxH-aDL 1x\u0022 media=\u0022(min-width: 64.0625em)\u0022 type=\u0022image\/webp\u0022 width=\u0022203\u0022 height=\u0022111\u0022\/\u003E\n                  \u003Csource srcset=\u0022\/sites\/default\/files\/styles\/teaser_standard__m\/public\/aurora\/2026\/02\/510003.jpeg?itok=D8Gnruaa 1x\u0022 media=\u0022(min-width: 48.0625em) and (max-width: 64em)\u0022 type=\u0022image\/jpeg\u0022 width=\u0022323\u0022 height=\u0022176\u0022\/\u003E\n                  \u003Csource srcset=\u0022\/sites\/default\/files\/styles\/teaser_standard__l\/public\/aurora\/2026\/02\/510003.jpeg?itok=g7YeKDg- 1x\u0022 media=\u0022(min-width: 64.0625em)\u0022 type=\u0022image\/jpeg\u0022 width=\u0022203\u0022 height=\u0022111\u0022\/\u003E\n                          \u003Cimg loading=\u0022eager\u0022 data-caption-hide width=\u0022708\u0022 height=\u0022386\u0022 data-zoomed=\u0022https:\/\/www.diekaelte.de\/sites\/default\/files\/styles\/content__zoomed\/public\/aurora\/2026\/02\/510003.jpeg?itok=_G6xfIPu\u0022 src=\u0022\/sites\/default\/files\/styles\/teaser_standard__s\/public\/aurora\/2026\/02\/510003.jpeg?itok=HKihOb7y\u0022 title=\u0022Eine Gruppe von schwarzen rechteckigen Objekten. - \u00a9 Bild: Stiebel-Eltron\u0022 \/\u003E\n\n    \u003C\/picture\u003E\n      \u003Cfigcaption class=\u0022image--figcaption\u0022\u003E\n          \u003Cdiv class=\u0022copyright\u0022\u003EBild: Stiebel-Eltron\u003C\/div\u003E\n          \u003C\/figcaption\u003E\n\u003C\/figure\u003E\n\n\n    \u003C\/div\u003E\n    \u003Cdiv class=\u0022teaser-content\u0022\u003E\n                    \u003Cdiv class=\u0022teaser-content--kicker\u0022\u003E\n                    Stiebel Eltron\n\n        \u003C\/div\u003E\n                                              \n                        \n        \u003Ch4 class=\u0022teaser-content--headline\u0022\u003E\n                                Erweiterung des \n                              \u003Cspan class=\u0022headline-last-word-arrow\u0022\u003EW\u00e4rmepumpen-Portfolios              \u003Cspan\n                  class=\u0022permission-lock permission-lock-icon--lock\u0022\u003E\u003C\/span\u003E\n                                  \u003C\/span\u003E\n        \u003C\/h4\u003E\n            \u003Cdiv class=\u0022teaser-content--publishing-date\u0022\u003E\u003Ctime datetime=\u00222026-02-03T13:14:43Z\u0022\u003E03.02.2026\u003C\/time\u003E\n\u003C\/div\u003E\u003Cspan class=\u0022teaser-content--publishing-date-divider\u0022\u003E - \u003C\/span\u003E\u003Cdiv class=\u0022teaser-content--body\u0022\u003E  \u003Cp\u003EStiebel Eltron erweitert sein Luft-Wasser-W\u00e4rmepumpenportfolio der Serie wpnext um zwei Leistungsgr\u00f6\u00dfen. Das Modell WPL-A 5.2 deckt mit bis zu 5,2\u2009kW bei A-7\/\u2009W\u200935 den geringeren Leistungsbereich ab, w\u00e4hrend die WPL-A 17.2 bis zu 17,4\u2009kW bei A-7\/\u2009\u2009W35 f\u00fcr einen gr\u00f6\u00dferen W\u00e4rmebedarf bereitstellt. Die...\u003C\/p\u003E\n\n\n\u003C\/div\u003E\n                        \u003Cspan class=\u0022read-more-arrow-container\u0022\u003E\n            \u003Cspan class=\u0022read-more-angled-arrow\u0022\u003E \u003C\/span\u003E\n          \u003C\/span\u003E\n                  \u003C\/div\u003E\n    \u003C\/a\u003E\n\u003Ca href=\u0022\/waermepumpentechnik\/afriso-inneneinheit-fuer-monoblock-waermepumpen\u0022  class=\u0022teaser teaser--standard\u0022 aria-label=\u0022Inneneinheit f\u00fcr Monoblock-W\u00e4rmepumpen\r\u0022\u003E\n      \u003Cdiv class=\u0022teaser-content--image\u0022\u003E\n        \u003Cfigure class=\u0022image--figure\u0022\u003E\n        \u003Cpicture\u003E\n                        \u003Csource srcset=\u0022\/sites\/default\/files\/styles\/teaser_standard__m\/public\/aurora\/2025\/11\/489782.jpeg.webp?itok=zUlEyu_7 1x\u0022 media=\u0022(min-width: 48.0625em) and (max-width: 64em)\u0022 type=\u0022image\/webp\u0022 width=\u0022311\u0022 height=\u0022242\u0022\/\u003E\n                  \u003Csource srcset=\u0022\/sites\/default\/files\/styles\/teaser_standard__l\/public\/aurora\/2025\/11\/489782.jpeg.webp?itok=NT_ruqP_ 1x\u0022 media=\u0022(min-width: 64.0625em)\u0022 type=\u0022image\/webp\u0022 width=\u0022196\u0022 height=\u0022152\u0022\/\u003E\n                  \u003Csource srcset=\u0022\/sites\/default\/files\/styles\/teaser_standard__m\/public\/aurora\/2025\/11\/489782.jpeg?itok=mGGsV5IT 1x\u0022 media=\u0022(min-width: 48.0625em) and (max-width: 64em)\u0022 type=\u0022image\/jpeg\u0022 width=\u0022311\u0022 height=\u0022242\u0022\/\u003E\n                  \u003Csource srcset=\u0022\/sites\/default\/files\/styles\/teaser_standard__l\/public\/aurora\/2025\/11\/489782.jpeg?itok=P8gETfnH 1x\u0022 media=\u0022(min-width: 64.0625em)\u0022 type=\u0022image\/jpeg\u0022 width=\u0022196\u0022 height=\u0022152\u0022\/\u003E\n                          \u003Cimg loading=\u0022eager\u0022 data-caption-hide width=\u0022512\u0022 height=\u0022398\u0022 data-zoomed=\u0022https:\/\/www.diekaelte.de\/sites\/default\/files\/styles\/content__zoomed\/public\/aurora\/2025\/11\/489782.jpeg?itok=hZY1zdbZ\u0022 src=\u0022\/sites\/default\/files\/styles\/teaser_standard__s\/public\/aurora\/2025\/11\/489782.jpeg?itok=xbLs72Wu\u0022 title=\u0022Schema einer Heizungsanlage mit Rohren, Tanks und an der Wand montierten Steuerger\u00e4ten, unten das AFRISO-Logo. - \u00a9 Bild: Afriso\u0022 \/\u003E\n\n    \u003C\/picture\u003E\n      \u003Cfigcaption class=\u0022image--figcaption\u0022\u003E\n          \u003Cdiv class=\u0022copyright\u0022\u003EBild: Afriso\u003C\/div\u003E\n          \u003C\/figcaption\u003E\n\u003C\/figure\u003E\n\n\n    \u003C\/div\u003E\n    \u003Cdiv class=\u0022teaser-content\u0022\u003E\n                    \u003Cdiv class=\u0022teaser-content--kicker\u0022\u003E\n                    Afriso\n\n        \u003C\/div\u003E\n                                              \n                        \n        \u003Ch4 class=\u0022teaser-content--headline\u0022\u003E\n                                Inneneinheit f\u00fcr \n                              \u003Cspan class=\u0022headline-last-word-arrow\u0022\u003EMonoblock-W\u00e4rmepumpen              \u003Cspan\n                  class=\u0022permission-lock permission-lock-icon--lock\u0022\u003E\u003C\/span\u003E\n                                  \u003C\/span\u003E\n        \u003C\/h4\u003E\n            \u003Cdiv class=\u0022teaser-content--publishing-date\u0022\u003E\u003Ctime datetime=\u00222025-11-04T10:17:08Z\u0022\u003E04.11.2025\u003C\/time\u003E\n\u003C\/div\u003E\u003Cspan class=\u0022teaser-content--publishing-date-divider\u0022\u003E - \u003C\/span\u003E\u003Cdiv class=\u0022teaser-content--body\u0022\u003E  \u003Cp\u003EAfriso-Euro-Index stellt mit dem AMB\u2009900 ein Installationsmodul f\u00fcr Monoblock-W\u00e4rmepumpen vor. Die vorgefertigte und dichtheitsgepr\u00fcfte Inneneinheit wird im Geb\u00e4ude zwischen der Au\u00dfeneinheit, dem W\u00e4rmespeicher und dem W\u00e4rmeverteilsystem montiert und eignet sich f\u00fcr Neubauten sowie f\u00fcr...\u003C\/p\u003E\n\n\n\u003C\/div\u003E\n                        \u003Cspan class=\u0022read-more-arrow-container\u0022\u003E\n            \u003Cspan class=\u0022read-more-angled-arrow\u0022\u003E \u003C\/span\u003E\n          \u003C\/span\u003E\n                  \u003C\/div\u003E\n    \u003C\/a\u003E\n\u003Ca href=\u0022\/waermepumpentechnik\/blossom-ic-funk-heizkoerperthermostat\u0022  class=\u0022teaser teaser--standard\u0022 aria-label=\u0022Funk-Heizk\u00f6rperthermostat\r\u0022\u003E\n      \u003Cdiv class=\u0022teaser-content--image\u0022\u003E\n        \u003Cfigure class=\u0022image--figure\u0022\u003E\n        \u003Cpicture\u003E\n                        \u003Csource srcset=\u0022\/sites\/default\/files\/styles\/teaser_standard__m\/public\/aurora\/2025\/11\/489784.jpeg.webp?itok=-b7OGN5r 1x\u0022 media=\u0022(min-width: 48.0625em) and (max-width: 64em)\u0022 type=\u0022image\/webp\u0022 width=\u0022202\u0022 height=\u0022242\u0022\/\u003E\n                  \u003Csource srcset=\u0022\/sites\/default\/files\/styles\/teaser_standard__l\/public\/aurora\/2025\/11\/489784.jpeg.webp?itok=9uNJ03wf 1x\u0022 media=\u0022(min-width: 64.0625em)\u0022 type=\u0022image\/webp\u0022 width=\u0022127\u0022 height=\u0022152\u0022\/\u003E\n                  \u003Csource srcset=\u0022\/sites\/default\/files\/styles\/teaser_standard__m\/public\/aurora\/2025\/11\/489784.jpeg?itok=HRZu_nUv 1x\u0022 media=\u0022(min-width: 48.0625em) and (max-width: 64em)\u0022 type=\u0022image\/jpeg\u0022 width=\u0022202\u0022 height=\u0022242\u0022\/\u003E\n                  \u003Csource srcset=\u0022\/sites\/default\/files\/styles\/teaser_standard__l\/public\/aurora\/2025\/11\/489784.jpeg?itok=8P51LeX5 1x\u0022 media=\u0022(min-width: 64.0625em)\u0022 type=\u0022image\/jpeg\u0022 width=\u0022127\u0022 height=\u0022152\u0022\/\u003E\n                          \u003Cimg loading=\u0022eager\u0022 data-caption-hide width=\u0022332\u0022 height=\u0022398\u0022 data-zoomed=\u0022https:\/\/www.diekaelte.de\/sites\/default\/files\/styles\/content__zoomed\/public\/aurora\/2025\/11\/489784.jpeg?itok=amGe8Lxk\u0022 src=\u0022\/sites\/default\/files\/styles\/teaser_standard__s\/public\/aurora\/2025\/11\/489784.jpeg?itok=hadvppFR\u0022 title=\u0022Wei\u00dfer digitaler Thermostat mit einem Display zur Anzeige der Temperatureinstellungen und der Aufschrift \u0026quot;AVALON S blossom-ic\u0026quot;. - \u00a9 Bild: Blossom-IC\u0022 \/\u003E\n\n    \u003C\/picture\u003E\n      \u003Cfigcaption class=\u0022image--figcaption\u0022\u003E\n          \u003Cdiv class=\u0022copyright\u0022\u003EBild: Blossom-IC\u003C\/div\u003E\n          \u003C\/figcaption\u003E\n\u003C\/figure\u003E\n\n\n    \u003C\/div\u003E\n    \u003Cdiv class=\u0022teaser-content\u0022\u003E\n                    \u003Cdiv class=\u0022teaser-content--kicker\u0022\u003E\n                    Blossom-IC\n\n        \u003C\/div\u003E\n                                              \n                        \n        \u003Ch4 class=\u0022teaser-content--headline\u0022\u003E\n                                        \u003Cspan class=\u0022headline-last-word-arrow\u0022\u003EFunk-Heizk\u00f6rperthermostat              \u003Cspan\n                  class=\u0022permission-lock permission-lock-icon--lock\u0022\u003E\u003C\/span\u003E\n                                  \u003C\/span\u003E\n        \u003C\/h4\u003E\n            \u003Cdiv class=\u0022teaser-content--publishing-date\u0022\u003E\u003Ctime datetime=\u00222025-11-04T10:17:07Z\u0022\u003E04.11.2025\u003C\/time\u003E\n\u003C\/div\u003E\u003Cspan class=\u0022teaser-content--publishing-date-divider\u0022\u003E - \u003C\/span\u003E\u003Cdiv class=\u0022teaser-content--body\u0022\u003E  \u003Cp\u003EMit dem Avalon\u2009S erweitert Blossom-ic seine Produktlinie um einen Funk-Heiz\u00adk\u00f6rperthermostat, der zusammen mit einem Gateway den digitalen hydrau\u00adlischen Abgleich in Ein- und Zweirohrheizungen automatisch durchf\u00fchrt. Das System erfordert keine Eingriffe ins Rohrnetz. Es verf\u00fcgt \u00fcber zwei integrierte...\u003C\/p\u003E\n\n\n\u003C\/div\u003E\n                        \u003Cspan class=\u0022read-more-arrow-container\u0022\u003E\n            \u003Cspan class=\u0022read-more-angled-arrow\u0022\u003E \u003C\/span\u003E\n          \u003C\/span\u003E\n                  \u003C\/div\u003E\n    \u003C\/a\u003E\n\u003Ca href=\u0022\/waermepumpentechnik\/empur-trockenbau-flaechenheizung\u0022  class=\u0022teaser teaser--standard\u0022 aria-label=\u0022Trockenbau-Fl\u00e4chenheizung\r\u0022\u003E\n      \u003Cdiv class=\u0022teaser-content--image\u0022\u003E\n        \u003Cfigure class=\u0022image--figure\u0022\u003E\n        \u003Cpicture\u003E\n                        \u003Csource srcset=\u0022\/sites\/default\/files\/styles\/teaser_standard__m\/public\/aurora\/2025\/11\/489786.jpeg.webp?itok=_U-EcHyg 1x\u0022 media=\u0022(min-width: 48.0625em) and (max-width: 64em)\u0022 type=\u0022image\/webp\u0022 width=\u0022323\u0022 height=\u0022202\u0022\/\u003E\n                  \u003Csource srcset=\u0022\/sites\/default\/files\/styles\/teaser_standard__l\/public\/aurora\/2025\/11\/489786.jpeg.webp?itok=aytJ8EsT 1x\u0022 media=\u0022(min-width: 64.0625em)\u0022 type=\u0022image\/webp\u0022 width=\u0022203\u0022 height=\u0022127\u0022\/\u003E\n                  \u003Csource srcset=\u0022\/sites\/default\/files\/styles\/teaser_standard__m\/public\/aurora\/2025\/11\/489786.jpeg?itok=zDN9vPj3 1x\u0022 media=\u0022(min-width: 48.0625em) and (max-width: 64em)\u0022 type=\u0022image\/jpeg\u0022 width=\u0022323\u0022 height=\u0022202\u0022\/\u003E\n                  \u003Csource srcset=\u0022\/sites\/default\/files\/styles\/teaser_standard__l\/public\/aurora\/2025\/11\/489786.jpeg?itok=zMjsMfek 1x\u0022 media=\u0022(min-width: 64.0625em)\u0022 type=\u0022image\/jpeg\u0022 width=\u0022203\u0022 height=\u0022127\u0022\/\u003E\n                          \u003Cimg loading=\u0022eager\u0022 data-caption-hide width=\u0022636\u0022 height=\u0022398\u0022 data-zoomed=\u0022https:\/\/www.diekaelte.de\/sites\/default\/files\/styles\/content__zoomed\/public\/aurora\/2025\/11\/489786.jpeg?itok=7c4jUfsc\u0022 src=\u0022\/sites\/default\/files\/styles\/teaser_standard__s\/public\/aurora\/2025\/11\/489786.jpeg?itok=lfBQ72mR\u0022 title=\u0022Wei\u00dfe Falzfliese mit sechseckigem Muster, dargestellt aus einer schr\u00e4gen Perspektive. - \u00a9 Bild: Empur\u0022 \/\u003E\n\n    \u003C\/picture\u003E\n      \u003Cfigcaption class=\u0022image--figcaption\u0022\u003E\n          \u003Cdiv class=\u0022copyright\u0022\u003EBild: Empur\u003C\/div\u003E\n          \u003C\/figcaption\u003E\n\u003C\/figure\u003E\n\n\n    \u003C\/div\u003E\n    \u003Cdiv class=\u0022teaser-content\u0022\u003E\n                    \u003Cdiv class=\u0022teaser-content--kicker\u0022\u003E\n                    Empur\n\n        \u003C\/div\u003E\n                                              \n                        \n        \u003Ch4 class=\u0022teaser-content--headline\u0022\u003E\n                                        \u003Cspan class=\u0022headline-last-word-arrow\u0022\u003ETrockenbau-Fl\u00e4chenheizung              \u003Cspan\n                  class=\u0022permission-lock permission-lock-icon--lock\u0022\u003E\u003C\/span\u003E\n                                  \u003C\/span\u003E\n        \u003C\/h4\u003E\n            \u003Cdiv class=\u0022teaser-content--publishing-date\u0022\u003E\u003Ctime datetime=\u00222025-11-04T10:17:06Z\u0022\u003E04.11.2025\u003C\/time\u003E\n\u003C\/div\u003E\u003Cspan class=\u0022teaser-content--publishing-date-divider\u0022\u003E - \u003C\/span\u003E\u003Cdiv class=\u0022teaser-content--body\u0022\u003E  \u003Cp\u003EEmpur stellt mit Optimal 25 ein Fl\u00e4chenheizungssystem auf \u00adTrockenbaubasis vor, das sich durch eine Aufbauh\u00f6he von 25\u2009mm ohne Belag und ein geringes \u00adFl\u00e4chengewicht f\u00fcr Sanierungsprojekte eignet. Das System basiert auf Systemplatten aus EPS-Hartschaum, die f\u00fcr Lastverteilung und W\u00e4rmed\u00e4mmung sorgen...\u003C\/p\u003E\n\n\n\u003C\/div\u003E\n                        \u003Cspan class=\u0022read-more-arrow-container\u0022\u003E\n            \u003Cspan class=\u0022read-more-angled-arrow\u0022\u003E \u003C\/span\u003E\n          \u003C\/span\u003E\n                  \u003C\/div\u003E\n    \u003C\/a\u003E\n\u003Ca href=\u0022\/waermepumpentechnik\/qvantum-abluftwaermepumpe-mit-ota-funktion\u0022  class=\u0022teaser teaser--standard\u0022 aria-label=\u0022Abluftw\u00e4rmepumpe mit OTA-Funktion\r\u0022\u003E\n      \u003Cdiv class=\u0022teaser-content--image\u0022\u003E\n        \u003Cfigure class=\u0022image--figure\u0022\u003E\n        \u003Cpicture\u003E\n                        \u003Csource srcset=\u0022\/sites\/default\/files\/styles\/teaser_standard__m\/public\/aurora\/2025\/11\/489788.jpeg.webp?itok=3ghcYSC_ 1x\u0022 media=\u0022(min-width: 48.0625em) and (max-width: 64em)\u0022 type=\u0022image\/webp\u0022 width=\u0022323\u0022 height=\u0022233\u0022\/\u003E\n                  \u003Csource srcset=\u0022\/sites\/default\/files\/styles\/teaser_standard__l\/public\/aurora\/2025\/11\/489788.jpeg.webp?itok=9sBix5z7 1x\u0022 media=\u0022(min-width: 64.0625em)\u0022 type=\u0022image\/webp\u0022 width=\u0022203\u0022 height=\u0022146\u0022\/\u003E\n                  \u003Csource srcset=\u0022\/sites\/default\/files\/styles\/teaser_standard__m\/public\/aurora\/2025\/11\/489788.jpeg?itok=3Nh9F6ax 1x\u0022 media=\u0022(min-width: 48.0625em) and (max-width: 64em)\u0022 type=\u0022image\/jpeg\u0022 width=\u0022323\u0022 height=\u0022233\u0022\/\u003E\n                  \u003Csource srcset=\u0022\/sites\/default\/files\/styles\/teaser_standard__l\/public\/aurora\/2025\/11\/489788.jpeg?itok=Up9fVksa 1x\u0022 media=\u0022(min-width: 64.0625em)\u0022 type=\u0022image\/jpeg\u0022 width=\u0022203\u0022 height=\u0022146\u0022\/\u003E\n                          \u003Cimg loading=\u0022eager\u0022 data-caption-hide width=\u0022553\u0022 height=\u0022398\u0022 data-zoomed=\u0022https:\/\/www.diekaelte.de\/sites\/default\/files\/styles\/content__zoomed\/public\/aurora\/2025\/11\/489788.jpeg?itok=lKzZPIkc\u0022 src=\u0022\/sites\/default\/files\/styles\/teaser_standard__s\/public\/aurora\/2025\/11\/489788.jpeg?itok=8XcIeSDr\u0022 title=\u0022Eine Hand dr\u00fcckt auf einen runden Touchscreen, der technische Daten auf einem Ger\u00e4t mit der Aufschrift \u0026quot;VANTUM. - \u00a9 Bild: Qvantum\u0022 \/\u003E\n\n    \u003C\/picture\u003E\n      \u003Cfigcaption class=\u0022image--figcaption\u0022\u003E\n          \u003Cdiv class=\u0022copyright\u0022\u003EBild: Qvantum\u003C\/div\u003E\n          \u003C\/figcaption\u003E\n\u003C\/figure\u003E\n\n\n    \u003C\/div\u003E\n    \u003Cdiv class=\u0022teaser-content\u0022\u003E\n                    \u003Cdiv class=\u0022teaser-content--kicker\u0022\u003E\n                    Qvantum\n\n        \u003C\/div\u003E\n                                              \n                        \n        \u003Ch4 class=\u0022teaser-content--headline\u0022\u003E\n                                Abluftw\u00e4rmepumpe mit \n                              \u003Cspan class=\u0022headline-last-word-arrow\u0022\u003EOTA-Funktion              \u003Cspan\n                  class=\u0022permission-lock permission-lock-icon--lock\u0022\u003E\u003C\/span\u003E\n                                  \u003C\/span\u003E\n        \u003C\/h4\u003E\n            \u003Cdiv class=\u0022teaser-content--publishing-date\u0022\u003E\u003Ctime datetime=\u00222025-11-04T10:17:05Z\u0022\u003E04.11.2025\u003C\/time\u003E\n\u003C\/div\u003E\u003Cspan class=\u0022teaser-content--publishing-date-divider\u0022\u003E - \u003C\/span\u003E\u003Cdiv class=\u0022teaser-content--body\u0022\u003E  \u003Cp\u003EQvantum stattet seine Abluftw\u00e4rmepumpe der QE-Serie mit einer Over-the-Air-Funktion f\u00fcr automatische Software-Updates aus. Das als Komplettl\u00f6sung f\u00fcr Neubau und Sanierung konzipierte Ger\u00e4t vereint Heizung, Warmwasserbereitung und L\u00fcftung in einem Geh\u00e4use und ersetzt damit mehrere Einzelsysteme. Da...\u003C\/p\u003E\n\n\n\u003C\/div\u003E\n                        \u003Cspan class=\u0022read-more-arrow-container\u0022\u003E\n            \u003Cspan class=\u0022read-more-angled-arrow\u0022\u003E \u003C\/span\u003E\n          \u003C\/span\u003E\n                  \u003C\/div\u003E\n    \u003C\/a\u003E\n\u003Ca href=\u0022\/waermepumpentechnik\/aht-modulare-pumpenstation\u0022  class=\u0022teaser teaser--standard\u0022 aria-label=\u0022Modulare Pumpenstation\r\u0022\u003E\n      \u003Cdiv class=\u0022teaser-content--image\u0022\u003E\n        \u003Cfigure class=\u0022image--figure\u0022\u003E\n        \u003Cpicture\u003E\n                        \u003Csource srcset=\u0022\/sites\/default\/files\/styles\/teaser_standard__m\/public\/aurora\/2025\/09\/480858.jpeg.webp?itok=oNFFPD5c 1x\u0022 media=\u0022(min-width: 48.0625em) and (max-width: 64em)\u0022 type=\u0022image\/webp\u0022 width=\u0022323\u0022 height=\u0022170\u0022\/\u003E\n                  \u003Csource srcset=\u0022\/sites\/default\/files\/styles\/teaser_standard__l\/public\/aurora\/2025\/09\/480858.jpeg.webp?itok=TZRjOH4V 1x\u0022 media=\u0022(min-width: 64.0625em)\u0022 type=\u0022image\/webp\u0022 width=\u0022203\u0022 height=\u0022107\u0022\/\u003E\n                  \u003Csource srcset=\u0022\/sites\/default\/files\/styles\/teaser_standard__m\/public\/aurora\/2025\/09\/480858.jpeg?itok=PuWpkPTO 1x\u0022 media=\u0022(min-width: 48.0625em) and (max-width: 64em)\u0022 type=\u0022image\/jpeg\u0022 width=\u0022323\u0022 height=\u0022170\u0022\/\u003E\n                  \u003Csource srcset=\u0022\/sites\/default\/files\/styles\/teaser_standard__l\/public\/aurora\/2025\/09\/480858.jpeg?itok=AOhrC5_7 1x\u0022 media=\u0022(min-width: 64.0625em)\u0022 type=\u0022image\/jpeg\u0022 width=\u0022203\u0022 height=\u0022107\u0022\/\u003E\n                          \u003Cimg loading=\u0022eager\u0022 data-caption-hide width=\u0022708\u0022 height=\u0022372\u0022 data-zoomed=\u0022https:\/\/www.diekaelte.de\/sites\/default\/files\/styles\/content__zoomed\/public\/aurora\/2025\/09\/480858.jpeg?itok=Pbgmr02g\u0022 src=\u0022\/sites\/default\/files\/styles\/teaser_standard__s\/public\/aurora\/2025\/09\/480858.jpeg?itok=tAkcY-Eh\u0022 title=\u0022Rote, metallgerahmte Industrieanlagen mit Tanks, Rohren und Schalttafeln auf wei\u00dfem Hintergrund. - \u00a9 Bild: AHT\u0022 \/\u003E\n\n    \u003C\/picture\u003E\n      \u003Cfigcaption class=\u0022image--figcaption\u0022\u003E\n          \u003Cdiv class=\u0022copyright\u0022\u003EBild: AHT\u003C\/div\u003E\n          \u003C\/figcaption\u003E\n\u003C\/figure\u003E\n\n\n    \u003C\/div\u003E\n    \u003Cdiv class=\u0022teaser-content\u0022\u003E\n                    \u003Cdiv class=\u0022teaser-content--kicker\u0022\u003E\n                    AHT\n\n        \u003C\/div\u003E\n                                              \n                        \n        \u003Ch4 class=\u0022teaser-content--headline\u0022\u003E\n                                Modulare \n                              \u003Cspan class=\u0022headline-last-word-arrow\u0022\u003EPumpenstation              \u003Cspan\n                  class=\u0022permission-lock permission-lock-icon--lock\u0022\u003E\u003C\/span\u003E\n                                  \u003C\/span\u003E\n        \u003C\/h4\u003E\n            \u003Cdiv class=\u0022teaser-content--publishing-date\u0022\u003E\u003Ctime datetime=\u00222025-09-30T10:17:08Z\u0022\u003E30.09.2025\u003C\/time\u003E\n\u003C\/div\u003E\u003Cspan class=\u0022teaser-content--publishing-date-divider\u0022\u003E - \u003C\/span\u003E\u003Cdiv class=\u0022teaser-content--body\u0022\u003E  \u003Cp\u003EAHT bietet mit SPI Circumpolar eine modulare Pumpenstation f\u00fcr Semi-Plug-in- und Waterloop-Systeme in der dezentralen K\u00fchlinfrastruktur des Einzelhandels. Die aus Funktionsbausteinen aufgebaute Eigenentwicklung ist f\u00fcr Aufgaben wie W\u00e4rmer\u00fcckgewinnung, den Anschluss an Abw\u00e4rmeeinheiten oder die...\u003C\/p\u003E\n\n\n\u003C\/div\u003E\n                        \u003Cspan class=\u0022read-more-arrow-container\u0022\u003E\n            \u003Cspan class=\u0022read-more-angled-arrow\u0022\u003E \u003C\/span\u003E\n          \u003C\/span\u003E\n                  \u003C\/div\u003E\n    \u003C\/a\u003E\n\u003Ca href=\u0022\/waermepumpentechnik\/allengra-ultraschallsensor-fuer-waermemengenmessung\u0022  class=\u0022teaser teaser--standard\u0022 aria-label=\u0022Ultraschallsensor f\u00fcr W\u00e4rmemengenmessung\r\u0022\u003E\n      \u003Cdiv class=\u0022teaser-content--image\u0022\u003E\n        \u003Cfigure class=\u0022image--figure\u0022\u003E\n        \u003Cpicture\u003E\n                        \u003Csource srcset=\u0022\/sites\/default\/files\/styles\/teaser_standard__m\/public\/aurora\/2025\/09\/480860.jpeg.webp?itok=cEyF47kq 1x\u0022 media=\u0022(min-width: 48.0625em) and (max-width: 64em)\u0022 type=\u0022image\/webp\u0022 width=\u0022291\u0022 height=\u0022242\u0022\/\u003E\n                  \u003Csource srcset=\u0022\/sites\/default\/files\/styles\/teaser_standard__l\/public\/aurora\/2025\/09\/480860.jpeg.webp?itok=4q4THPc1 1x\u0022 media=\u0022(min-width: 64.0625em)\u0022 type=\u0022image\/webp\u0022 width=\u0022183\u0022 height=\u0022152\u0022\/\u003E\n                  \u003Csource srcset=\u0022\/sites\/default\/files\/styles\/teaser_standard__m\/public\/aurora\/2025\/09\/480860.jpeg?itok=KBlaJLMD 1x\u0022 media=\u0022(min-width: 48.0625em) and (max-width: 64em)\u0022 type=\u0022image\/jpeg\u0022 width=\u0022291\u0022 height=\u0022242\u0022\/\u003E\n                  \u003Csource srcset=\u0022\/sites\/default\/files\/styles\/teaser_standard__l\/public\/aurora\/2025\/09\/480860.jpeg?itok=lMuFo9wN 1x\u0022 media=\u0022(min-width: 64.0625em)\u0022 type=\u0022image\/jpeg\u0022 width=\u0022183\u0022 height=\u0022152\u0022\/\u003E\n                          \u003Cimg loading=\u0022eager\u0022 data-caption-hide width=\u0022479\u0022 height=\u0022398\u0022 data-zoomed=\u0022https:\/\/www.diekaelte.de\/sites\/default\/files\/styles\/content__zoomed\/public\/aurora\/2025\/09\/480860.jpeg?itok=IHny7JGP\u0022 src=\u0022\/sites\/default\/files\/styles\/teaser_standard__s\/public\/aurora\/2025\/09\/480860.jpeg?itok=QgY93M2l\u0022 title=\u0022Schwarzes Ger\u00e4t mit beschrifteten Au\u00dfen- und Innentemperaturf\u00fchlern, das f\u00fcr die Energieberechnung verwendet wird. - \u00a9 Bild: Allengra\u0022 \/\u003E\n\n    \u003C\/picture\u003E\n      \u003Cfigcaption class=\u0022image--figcaption\u0022\u003E\n          \u003Cdiv class=\u0022copyright\u0022\u003EBild: Allengra\u003C\/div\u003E\n          \u003C\/figcaption\u003E\n\u003C\/figure\u003E\n\n\n    \u003C\/div\u003E\n    \u003Cdiv class=\u0022teaser-content\u0022\u003E\n                    \u003Cdiv class=\u0022teaser-content--kicker\u0022\u003E\n                    Allengra\n\n        \u003C\/div\u003E\n                                              \n                        \n        \u003Ch4 class=\u0022teaser-content--headline\u0022\u003E\n                                Ultraschallsensor f\u00fcr \n                              \u003Cspan class=\u0022headline-last-word-arrow\u0022\u003EW\u00e4rmemengenmessung              \u003Cspan\n                  class=\u0022permission-lock permission-lock-icon--lock\u0022\u003E\u003C\/span\u003E\n                                  \u003C\/span\u003E\n        \u003C\/h4\u003E\n            \u003Cdiv class=\u0022teaser-content--publishing-date\u0022\u003E\u003Ctime datetime=\u00222025-09-30T10:17:07Z\u0022\u003E30.09.2025\u003C\/time\u003E\n\u003C\/div\u003E\u003Cspan class=\u0022teaser-content--publishing-date-divider\u0022\u003E - \u003C\/span\u003E\u003Cdiv class=\u0022teaser-content--body\u0022\u003E  \u003Cp\u003EAllengra stellt mit dem Ultraschall-Durchflusssensor Alsonic eine L\u00f6sung f\u00fcr die W\u00e4rmemengenerfassung in W\u00e4rmepumpen vor, die den Anforderungen der \u00d6kodesign-Verordnung entsprechen soll. Der Sensor misst Volumenstrom sowie Vor- und R\u00fccklauftemperatur mit einem Ger\u00e4t \u00fcber eine hydraulische und eine...\u003C\/p\u003E\n\n\n\u003C\/div\u003E\n                        \u003Cspan class=\u0022read-more-arrow-container\u0022\u003E\n            \u003Cspan class=\u0022read-more-angled-arrow\u0022\u003E \u003C\/span\u003E\n          \u003C\/span\u003E\n                  \u003C\/div\u003E\n    \u003C\/a\u003E\n\u003Ca href=\u0022\/waermepumpentechnik\/broetje-luft-wasser-waermepumpe-mit-kuehlfunktion\u0022  class=\u0022teaser teaser--standard\u0022 aria-label=\u0022Luft-Wasser-W\u00e4rmepumpe mit K\u00fchlfunktion\r\u0022\u003E\n      \u003Cdiv class=\u0022teaser-content--image\u0022\u003E\n        \u003Cfigure class=\u0022image--figure\u0022\u003E\n        \u003Cpicture\u003E\n                        \u003Csource srcset=\u0022\/sites\/default\/files\/styles\/teaser_standard__m\/public\/aurora\/2025\/09\/480862.jpeg.webp?itok=MSjnT1xB 1x\u0022 media=\u0022(min-width: 48.0625em) and (max-width: 64em)\u0022 type=\u0022image\/webp\u0022 width=\u0022208\u0022 height=\u0022242\u0022\/\u003E\n                  \u003Csource srcset=\u0022\/sites\/default\/files\/styles\/teaser_standard__l\/public\/aurora\/2025\/09\/480862.jpeg.webp?itok=S1YHFjGk 1x\u0022 media=\u0022(min-width: 64.0625em)\u0022 type=\u0022image\/webp\u0022 width=\u0022131\u0022 height=\u0022152\u0022\/\u003E\n                  \u003Csource srcset=\u0022\/sites\/default\/files\/styles\/teaser_standard__m\/public\/aurora\/2025\/09\/480862.jpeg?itok=LcD7pDBv 1x\u0022 media=\u0022(min-width: 48.0625em) and (max-width: 64em)\u0022 type=\u0022image\/jpeg\u0022 width=\u0022208\u0022 height=\u0022242\u0022\/\u003E\n                  \u003Csource srcset=\u0022\/sites\/default\/files\/styles\/teaser_standard__l\/public\/aurora\/2025\/09\/480862.jpeg?itok=Bh5DKKp- 1x\u0022 media=\u0022(min-width: 64.0625em)\u0022 type=\u0022image\/jpeg\u0022 width=\u0022131\u0022 height=\u0022152\u0022\/\u003E\n                          \u003Cimg loading=\u0022eager\u0022 data-caption-hide width=\u0022342\u0022 height=\u0022398\u0022 data-zoomed=\u0022https:\/\/www.diekaelte.de\/sites\/default\/files\/styles\/content__zoomed\/public\/aurora\/2025\/09\/480862.jpeg?itok=yKW1aHSZ\u0022 src=\u0022\/sites\/default\/files\/styles\/teaser_standard__s\/public\/aurora\/2025\/09\/480862.jpeg?itok=y-4XfygE\u0022 title=\u0022Ein W\u00e4rmepumpensystem mit einem Au\u00dfenger\u00e4t unten und einem Wassertank-Innenger\u00e4t oben, mit Rohren und Komponenten. - \u00a9 Bild: Broetje\u0022 \/\u003E\n\n    \u003C\/picture\u003E\n      \u003Cfigcaption class=\u0022image--figcaption\u0022\u003E\n          \u003Cdiv class=\u0022copyright\u0022\u003EBild: Broetje\u003C\/div\u003E\n          \u003C\/figcaption\u003E\n\u003C\/figure\u003E\n\n\n    \u003C\/div\u003E\n    \u003Cdiv class=\u0022teaser-content\u0022\u003E\n                    \u003Cdiv class=\u0022teaser-content--kicker\u0022\u003E\n                    Br\u00f6tje\n\n        \u003C\/div\u003E\n                                              \n                        \n        \u003Ch4 class=\u0022teaser-content--headline\u0022\u003E\n                                Luft-Wasser-W\u00e4rmepumpe mit \n                              \u003Cspan class=\u0022headline-last-word-arrow\u0022\u003EK\u00fchlfunktion              \u003Cspan\n                  class=\u0022permission-lock permission-lock-icon--lock\u0022\u003E\u003C\/span\u003E\n                                  \u003C\/span\u003E\n        \u003C\/h4\u003E\n            \u003Cdiv class=\u0022teaser-content--publishing-date\u0022\u003E\u003Ctime datetime=\u00222025-09-30T10:17:06Z\u0022\u003E30.09.2025\u003C\/time\u003E\n\u003C\/div\u003E\u003Cspan class=\u0022teaser-content--publishing-date-divider\u0022\u003E - \u003C\/span\u003E\u003Cdiv class=\u0022teaser-content--body\u0022\u003E  \u003Cp\u003EDie Luft-Wasser-W\u00e4rmepumpe BLW Mono-P.1 von Br\u00f6tje verf\u00fcgt \u00fcber eine K\u00fchlfunktion, die auf einer Umkehrung des K\u00e4ltekreislaufs basiert. Ein interner Trennpufferspeicher mit Heizkreispumpe und einem Volumen von knapp 40\u202fl erm\u00f6glicht den K\u00fchlbetrieb auch w\u00e4hrend der Trinkwassererw\u00e4rmung. Das daf\u00fcr...\u003C\/p\u003E\n\n\n\u003C\/div\u003E\n                        \u003Cspan class=\u0022read-more-arrow-container\u0022\u003E\n            \u003Cspan class=\u0022read-more-angled-arrow\u0022\u003E \u003C\/span\u003E\n          \u003C\/span\u003E\n                  \u003C\/div\u003E\n    \u003C\/a\u003E\n\u003Ca href=\u0022\/waermepumpentechnik\/frenger-geregelte-deckenstrahlheizungen\u0022  class=\u0022teaser teaser--standard\u0022 aria-label=\u0022Geregelte Deckenstrahlheizungen\r\u0022\u003E\n      \u003Cdiv class=\u0022teaser-content--image\u0022\u003E\n        \u003Cfigure class=\u0022image--figure\u0022\u003E\n        \u003Cpicture\u003E\n                        \u003Csource srcset=\u0022\/sites\/default\/files\/styles\/teaser_standard__m\/public\/aurora\/2025\/09\/480864.jpeg.webp?itok=Q3DbbEeC 1x\u0022 media=\u0022(min-width: 48.0625em) and (max-width: 64em)\u0022 type=\u0022image\/webp\u0022 width=\u0022323\u0022 height=\u0022160\u0022\/\u003E\n                  \u003Csource srcset=\u0022\/sites\/default\/files\/styles\/teaser_standard__l\/public\/aurora\/2025\/09\/480864.jpeg.webp?itok=fqzgfW41 1x\u0022 media=\u0022(min-width: 64.0625em)\u0022 type=\u0022image\/webp\u0022 width=\u0022203\u0022 height=\u0022101\u0022\/\u003E\n                  \u003Csource srcset=\u0022\/sites\/default\/files\/styles\/teaser_standard__m\/public\/aurora\/2025\/09\/480864.jpeg?itok=RlgboOqN 1x\u0022 media=\u0022(min-width: 48.0625em) and (max-width: 64em)\u0022 type=\u0022image\/jpeg\u0022 width=\u0022323\u0022 height=\u0022160\u0022\/\u003E\n                  \u003Csource srcset=\u0022\/sites\/default\/files\/styles\/teaser_standard__l\/public\/aurora\/2025\/09\/480864.jpeg?itok=Q1uOLXab 1x\u0022 media=\u0022(min-width: 64.0625em)\u0022 type=\u0022image\/jpeg\u0022 width=\u0022203\u0022 height=\u0022101\u0022\/\u003E\n                          \u003Cimg loading=\u0022eager\u0022 data-caption-hide width=\u0022708\u0022 height=\u0022352\u0022 data-zoomed=\u0022https:\/\/www.diekaelte.de\/sites\/default\/files\/styles\/content__zoomed\/public\/aurora\/2025\/09\/480864.jpeg?itok=Mt6LFH33\u0022 src=\u0022\/sites\/default\/files\/styles\/teaser_standard__s\/public\/aurora\/2025\/09\/480864.jpeg?itok=gNARxEcL\u0022 title=\u0022Rechteckiger elektronischer Schaltkasten aus Metall mit verschiedenen beschrifteten Anschl\u00fcssen und Verbindungen auf blauem Hintergrund mit Farbverlauf. - \u00a9 Bild: Frenger\u0022 \/\u003E\n\n    \u003C\/picture\u003E\n      \u003Cfigcaption class=\u0022image--figcaption\u0022\u003E\n          \u003Cdiv class=\u0022copyright\u0022\u003EBild: Frenger\u003C\/div\u003E\n          \u003C\/figcaption\u003E\n\u003C\/figure\u003E\n\n\n    \u003C\/div\u003E\n    \u003Cdiv class=\u0022teaser-content\u0022\u003E\n                    \u003Cdiv class=\u0022teaser-content--kicker\u0022\u003E\n                    Frenger\n\n        \u003C\/div\u003E\n                                              \n                        \n        \u003Ch4 class=\u0022teaser-content--headline\u0022\u003E\n                                Geregelte \n                              \u003Cspan class=\u0022headline-last-word-arrow\u0022\u003EDeckenstrahlheizungen              \u003Cspan\n                  class=\u0022permission-lock permission-lock-icon--lock\u0022\u003E\u003C\/span\u003E\n                                  \u003C\/span\u003E\n        \u003C\/h4\u003E\n            \u003Cdiv class=\u0022teaser-content--publishing-date\u0022\u003E\u003Ctime datetime=\u00222025-09-30T10:17:04Z\u0022\u003E30.09.2025\u003C\/time\u003E\n\u003C\/div\u003E\u003Cspan class=\u0022teaser-content--publishing-date-divider\u0022\u003E - \u003C\/span\u003E\u003Cdiv class=\u0022teaser-content--body\u0022\u003E  \u003Cp\u003EFrenger stellt mit Plug \u0026amp; Heat Raumkomfort, kurz PHR, eine Regeleinheit zur Steuerung von Deckenstrahlheizungen f\u00fcr Anwendungen in Sporthallen oder Industriebauten vor. Die Einheit ist steckerfertig vorkonfiguriert und mit einsatzbereiter Software ausgestattet. Eindeutige Anschl\u00fcsse und eine...\u003C\/p\u003E\n\n\n\u003C\/div\u003E\n                        \u003Cspan class=\u0022read-more-arrow-container\u0022\u003E\n            \u003Cspan class=\u0022read-more-angled-arrow\u0022\u003E \u003C\/span\u003E\n          \u003C\/span\u003E\n                  \u003C\/div\u003E\n    \u003C\/a\u003E\n\u003Ca href=\u0022\/waermepumpentechnik\/mark-luft-luft-waermepumpe-grossraeumen\u0022  class=\u0022teaser teaser--standard\u0022 aria-label=\u0022Luft-Luft-W\u00e4rmepumpe in Gro\u00dfr\u00e4umen\r\u0022\u003E\n      \u003Cdiv class=\u0022teaser-content--image\u0022\u003E\n        \u003Cfigure class=\u0022image--figure\u0022\u003E\n        \u003Cpicture\u003E\n                        \u003Csource srcset=\u0022\/sites\/default\/files\/styles\/teaser_standard__m\/public\/aurora\/2025\/09\/480866.jpeg.webp?itok=ou7vN82k 1x\u0022 media=\u0022(min-width: 48.0625em) and (max-width: 64em)\u0022 type=\u0022image\/webp\u0022 width=\u0022323\u0022 height=\u0022138\u0022\/\u003E\n                  \u003Csource srcset=\u0022\/sites\/default\/files\/styles\/teaser_standard__l\/public\/aurora\/2025\/09\/480866.jpeg.webp?itok=rwufTWSS 1x\u0022 media=\u0022(min-width: 64.0625em)\u0022 type=\u0022image\/webp\u0022 width=\u0022203\u0022 height=\u002287\u0022\/\u003E\n                  \u003Csource srcset=\u0022\/sites\/default\/files\/styles\/teaser_standard__m\/public\/aurora\/2025\/09\/480866.jpeg?itok=Xcl4uBMn 1x\u0022 media=\u0022(min-width: 48.0625em) and (max-width: 64em)\u0022 type=\u0022image\/jpeg\u0022 width=\u0022323\u0022 height=\u0022138\u0022\/\u003E\n                  \u003Csource srcset=\u0022\/sites\/default\/files\/styles\/teaser_standard__l\/public\/aurora\/2025\/09\/480866.jpeg?itok=ZmxKgHfp 1x\u0022 media=\u0022(min-width: 64.0625em)\u0022 type=\u0022image\/jpeg\u0022 width=\u0022203\u0022 height=\u002287\u0022\/\u003E\n                          \u003Cimg loading=\u0022eager\u0022 data-caption-hide width=\u0022708\u0022 height=\u0022304\u0022 data-zoomed=\u0022https:\/\/www.diekaelte.de\/sites\/default\/files\/styles\/content__zoomed\/public\/aurora\/2025\/09\/480866.jpeg?itok=55vXn1OC\u0022 src=\u0022\/sites\/default\/files\/styles\/teaser_standard__s\/public\/aurora\/2025\/09\/480866.jpeg?itok=MmcKpEN3\u0022 title=\u0022Ein an der Decke montiertes HLK-Ger\u00e4t mit Ventilator und Entl\u00fcftung, beschriftet mit \u0026quot;R32\u0026quot;, vor einem blauen Industriedach. - \u00a9 Bild: Mark\u0022 \/\u003E\n\n    \u003C\/picture\u003E\n      \u003Cfigcaption class=\u0022image--figcaption\u0022\u003E\n          \u003Cdiv class=\u0022copyright\u0022\u003EBild: Mark\u003C\/div\u003E\n          \u003C\/figcaption\u003E\n\u003C\/figure\u003E\n\n\n    \u003C\/div\u003E\n    \u003Cdiv class=\u0022teaser-content\u0022\u003E\n                    \u003Cdiv class=\u0022teaser-content--kicker\u0022\u003E\n                    Mark\n\n        \u003C\/div\u003E\n                                              \n                        \n        \u003Ch4 class=\u0022teaser-content--headline\u0022\u003E\n                                Luft-Luft-W\u00e4rmepumpe in \n                              \u003Cspan class=\u0022headline-last-word-arrow\u0022\u003EGro\u00dfr\u00e4umen              \u003Cspan\n                  class=\u0022permission-lock permission-lock-icon--lock\u0022\u003E\u003C\/span\u003E\n                                  \u003C\/span\u003E\n        \u003C\/h4\u003E\n            \u003Cdiv class=\u0022teaser-content--publishing-date\u0022\u003E\u003Ctime datetime=\u00222025-09-30T10:17:03Z\u0022\u003E30.09.2025\u003C\/time\u003E\n\u003C\/div\u003E\u003Cspan class=\u0022teaser-content--publishing-date-divider\u0022\u003E - \u003C\/span\u003E\u003Cdiv class=\u0022teaser-content--body\u0022\u003E  \u003Cp\u003EDie Luft-Luft-W\u00e4rmepumpen der Serie Mistral MDX 30\/60 von Mark Climate Technology sind f\u00fcr das Heizen und K\u00fchlen von Gro\u00dfr\u00e4umen wie Garagen, Industriehallen, Werkst\u00e4tten, Distributionszentren und Ausstellungsr\u00e4umen konzipiert. Die Serie umfasst die Modelle MDX 30 mit einer Leistung von 28\u202fkW und MDX...\u003C\/p\u003E\n\n\n\u003C\/div\u003E\n                        \u003Cspan class=\u0022read-more-arrow-container\u0022\u003E\n            \u003Cspan class=\u0022read-more-angled-arrow\u0022\u003E \u003C\/span\u003E\n          \u003C\/span\u003E\n                  \u003C\/div\u003E\n    \u003C\/a\u003E\n\u003Ca href=\u0022\/waermepumpentechnik\/ebm-papst-ec-radialventilatoren-reinraumanwendungen\u0022  class=\u0022teaser teaser--standard\u0022 aria-label=\u0022EC-Radialventilatoren in Reinraumanwendungen\r\u0022\u003E\n      \u003Cdiv class=\u0022teaser-content--image\u0022\u003E\n        \u003Cfigure class=\u0022image--figure\u0022\u003E\n        \u003Cpicture\u003E\n                        \u003Csource srcset=\u0022\/sites\/default\/files\/styles\/teaser_standard__m\/public\/aurora\/2025\/09\/481048.jpeg.webp?itok=PXyTWgh6 1x\u0022 media=\u0022(min-width: 48.0625em) and (max-width: 64em)\u0022 type=\u0022image\/webp\u0022 width=\u0022244\u0022 height=\u0022242\u0022\/\u003E\n                  \u003Csource srcset=\u0022\/sites\/default\/files\/styles\/teaser_standard__l\/public\/aurora\/2025\/09\/481048.jpeg.webp?itok=safEZdP2 1x\u0022 media=\u0022(min-width: 64.0625em)\u0022 type=\u0022image\/webp\u0022 width=\u0022154\u0022 height=\u0022152\u0022\/\u003E\n                  \u003Csource srcset=\u0022\/sites\/default\/files\/styles\/teaser_standard__m\/public\/aurora\/2025\/09\/481048.jpeg?itok=2ugdNyeW 1x\u0022 media=\u0022(min-width: 48.0625em) and (max-width: 64em)\u0022 type=\u0022image\/jpeg\u0022 width=\u0022244\u0022 height=\u0022242\u0022\/\u003E\n                  \u003Csource srcset=\u0022\/sites\/default\/files\/styles\/teaser_standard__l\/public\/aurora\/2025\/09\/481048.jpeg?itok=TN-CKFb4 1x\u0022 media=\u0022(min-width: 64.0625em)\u0022 type=\u0022image\/jpeg\u0022 width=\u0022154\u0022 height=\u0022152\u0022\/\u003E\n                          \u003Cimg loading=\u0022eager\u0022 data-caption-hide width=\u0022402\u0022 height=\u0022398\u0022 data-zoomed=\u0022https:\/\/www.diekaelte.de\/sites\/default\/files\/styles\/content__zoomed\/public\/aurora\/2025\/09\/481048.jpeg?itok=2G7bM2X2\u0022 src=\u0022\/sites\/default\/files\/styles\/teaser_standard__s\/public\/aurora\/2025\/09\/481048.jpeg?itok=7UDKA_LY\u0022 title=\u0022Silberner Industrieventilator oder Turbine mit gebogenen Schaufeln und einer runden zentralen Nabe, isoliert auf einem hellen Hintergrund. - \u00a9 Bild: ebm-papst\u0022 \/\u003E\n\n    \u003C\/picture\u003E\n      \u003Cfigcaption class=\u0022image--figcaption\u0022\u003E\n          \u003Cdiv class=\u0022copyright\u0022\u003EBild: ebm-papst\u003C\/div\u003E\n          \u003C\/figcaption\u003E\n\u003C\/figure\u003E\n\n\n    \u003C\/div\u003E\n    \u003Cdiv class=\u0022teaser-content\u0022\u003E\n                    \u003Cdiv class=\u0022teaser-content--kicker\u0022\u003E\n                    Ebm-papst\n\n        \u003C\/div\u003E\n                                              \n                        \n        \u003Ch4 class=\u0022teaser-content--headline\u0022\u003E\n                                EC-Radialventilatoren in \n                              \u003Cspan class=\u0022headline-last-word-arrow\u0022\u003EReinraumanwendungen              \u003Cspan\n                  class=\u0022permission-lock permission-lock-icon--lock\u0022\u003E\u003C\/span\u003E\n                                  \u003C\/span\u003E\n        \u003C\/h4\u003E\n            \u003Cdiv class=\u0022teaser-content--publishing-date\u0022\u003E\u003Ctime datetime=\u00222025-09-30T10:16:58Z\u0022\u003E30.09.2025\u003C\/time\u003E\n\u003C\/div\u003E\u003Cspan class=\u0022teaser-content--publishing-date-divider\u0022\u003E - \u003C\/span\u003E\u003Cdiv class=\u0022teaser-content--body\u0022\u003E  \u003Cp\u003Eebm-papst bietet mit den RadiPac EC-Radialventilatoren eine Serie f\u00fcr den Einsatz in Filter-Fan-Units (FFU) in Reinr\u00e4umen. Die Ventilatoren sind f\u00fcr Anwendungen in der Halbleiterfertigung, Medizintechnik oder Luft- und Raumfahrt konzipiert und liefern Luftmengen bis 2.330 m\u00b3\/h mit Druckreserven f\u00fcr...\u003C\/p\u003E\n\n\n\u003C\/div\u003E\n                        \u003Cspan class=\u0022read-more-arrow-container\u0022\u003E\n            \u003Cspan class=\u0022read-more-angled-arrow\u0022\u003E \u003C\/span\u003E\n          \u003C\/span\u003E\n                  \u003C\/div\u003E\n    \u003C\/a\u003E\n\u003Ca href=\u0022\/waermepumpentechnik\/telemeter-electronic-flacher-geraeteluefter-fuer-die-industrie\u0022  class=\u0022teaser teaser--standard\u0022 aria-label=\u0022Flacher Ger\u00e4tel\u00fcfter f\u00fcr die Industrie\r\u0022\u003E\n      \u003Cdiv class=\u0022teaser-content--image\u0022\u003E\n        \u003Cfigure class=\u0022image--figure\u0022\u003E\n        \u003Cpicture\u003E\n                        \u003Csource srcset=\u0022\/sites\/default\/files\/styles\/teaser_standard__m\/public\/aurora\/2025\/09\/481051.jpeg.webp?itok=3mQQzriV 1x\u0022 media=\u0022(min-width: 48.0625em) and (max-width: 64em)\u0022 type=\u0022image\/webp\u0022 width=\u0022323\u0022 height=\u0022136\u0022\/\u003E\n                  \u003Csource srcset=\u0022\/sites\/default\/files\/styles\/teaser_standard__l\/public\/aurora\/2025\/09\/481051.jpeg.webp?itok=wksjlALA 1x\u0022 media=\u0022(min-width: 64.0625em)\u0022 type=\u0022image\/webp\u0022 width=\u0022203\u0022 height=\u002285\u0022\/\u003E\n                  \u003Csource srcset=\u0022\/sites\/default\/files\/styles\/teaser_standard__m\/public\/aurora\/2025\/09\/481051.jpeg?itok=aj3_373E 1x\u0022 media=\u0022(min-width: 48.0625em) and (max-width: 64em)\u0022 type=\u0022image\/jpeg\u0022 width=\u0022323\u0022 height=\u0022136\u0022\/\u003E\n                  \u003Csource srcset=\u0022\/sites\/default\/files\/styles\/teaser_standard__l\/public\/aurora\/2025\/09\/481051.jpeg?itok=oHQyNS_z 1x\u0022 media=\u0022(min-width: 64.0625em)\u0022 type=\u0022image\/jpeg\u0022 width=\u0022203\u0022 height=\u002285\u0022\/\u003E\n                          \u003Cimg loading=\u0022eager\u0022 data-caption-hide width=\u0022708\u0022 height=\u0022297\u0022 data-zoomed=\u0022https:\/\/www.diekaelte.de\/sites\/default\/files\/styles\/content__zoomed\/public\/aurora\/2025\/09\/481051.jpeg?itok=TD6zMYgn\u0022 src=\u0022\/sites\/default\/files\/styles\/teaser_standard__s\/public\/aurora\/2025\/09\/481051.jpeg?itok=enEwqai6\u0022 title=\u0022Zwei Ingenieure in Schutzkleidung \u00fcberpr\u00fcfen Daten auf Monitoren; K\u00fchlgebl\u00e4se mit Dr\u00e4hten werden auf blauem Hintergrund angezeigt. - \u00a9 Bild: Telemeter\u0022 \/\u003E\n\n    \u003C\/picture\u003E\n      \u003Cfigcaption class=\u0022image--figcaption\u0022\u003E\n          \u003Cdiv class=\u0022copyright\u0022\u003EBild: Telemeter\u003C\/div\u003E\n          \u003C\/figcaption\u003E\n\u003C\/figure\u003E\n\n\n    \u003C\/div\u003E\n    \u003Cdiv class=\u0022teaser-content\u0022\u003E\n                    \u003Cdiv class=\u0022teaser-content--kicker\u0022\u003E\n                    Telemeter Electronic\n\n        \u003C\/div\u003E\n                                              \n                        \n        \u003Ch4 class=\u0022teaser-content--headline\u0022\u003E\n                                Flacher Ger\u00e4tel\u00fcfter f\u00fcr die \n                              \u003Cspan class=\u0022headline-last-word-arrow\u0022\u003EIndustrie              \u003Cspan\n                  class=\u0022permission-lock permission-lock-icon--lock\u0022\u003E\u003C\/span\u003E\n                                  \u003C\/span\u003E\n        \u003C\/h4\u003E\n            \u003Cdiv class=\u0022teaser-content--publishing-date\u0022\u003E\u003Ctime datetime=\u00222025-09-30T10:16:56Z\u0022\u003E30.09.2025\u003C\/time\u003E\n\u003C\/div\u003E\u003Cspan class=\u0022teaser-content--publishing-date-divider\u0022\u003E - \u003C\/span\u003E\u003Cdiv class=\u0022teaser-content--body\u0022\u003E  \u003Cp\u003EF\u00fcr Anwendungen mit hohen Anforderungen an eine kompakte Bauweise bietet Telemeter Electronic einen Ger\u00e4tel\u00fcfter mit einem Durchmesser von 60\u2009mm und einer Einbautiefe von 5\u2009mm an. Das Modell \u00adliefert eine Luftleistung von 9,75\u2009m\u00b3\/h und eignet sich zur K\u00fchlung in Applikationen mit begrenztem Bauraum...\u003C\/p\u003E\n\n\n\u003C\/div\u003E\n                        \u003Cspan class=\u0022read-more-arrow-container\u0022\u003E\n            \u003Cspan class=\u0022read-more-angled-arrow\u0022\u003E \u003C\/span\u003E\n          \u003C\/span\u003E\n                  \u003C\/div\u003E\n    \u003C\/a\u003E\n","entity_type":"node","used_ids":["",256678,256676,255150,255149,253715,253714,253713,253712,249715,249714,249713,249712,247880,247879,247878,247877,247876,247874,247873],"show_more":"\u003Cdiv class=\u0022del-show-more\u0022\u003E\u003Ca href=\u0022\/ajax\/del\/720f987a-019f-4ebb-b8e0-9a08a91f7fd2\/paragraph\/20\/19\/asc\/eyJub2RlIjp7ImlkIjoiMjE0MDA3IiwidHlwZSI6InBhZ2UifX0%3D\u0022 title=\u0022Mehr Elemente anzeigen\u0022 class=\u0022del-show-more-link use-ajax\u0022 rel=\u0022nofollow\u0022 data-target-type=\u0022node\u0022 aria-controls=\u0022del--paragraph-736114--content\u0022 aria-label=\u0022Mehr Elemente anzeigen\u0022\u003EMehr anzeigen\u003C\/a\u003E\u003C\/div\u003E\n"}]