[{"command":"settings","settings":{"pluralDelimiter":"\u0003","suppressDeprecationErrors":true,"ajaxPageState":{"libraries":"eJxLzi9K1S_ITC4pLUpNy8zJ0UmpzEvMzUyOT80rySypjM_JLC7RL87IL4_PBaoEALH_EqY","theme":"ivory","theme_token":null},"ajaxTrustedUrl":[],"user":{"uid":0,"permissionsHash":"9c975576f1b96e43d31b3ff34c1ca6b53b6096ff14d83974ef00f2d68011e8fb"}},"merge":true},{"command":"add_css","data":[{"rel":"stylesheet","media":"all","href":"\/core\/themes\/stable9\/css\/core\/components\/progress.module.css?te7139"},{"rel":"stylesheet","media":"all","href":"\/core\/themes\/stable9\/css\/core\/components\/ajax-progress.module.css?te7139"},{"rel":"stylesheet","media":"all","href":"\/themes\/contrib\/gin\/dist\/css\/components\/ajax.css?te7139"}]},{"command":"add_js","selector":"body","data":[{"src":"\/core\/assets\/vendor\/jquery\/jquery.min.js?v=4.0.0"},{"src":"\/sites\/default\/files\/js\/js_Xu9-RUcUkmz9rej0V9CLnBurhzyWHDCbXIdEQUnTs84.js?scope=footer\u0026delta=1\u0026language=de-kk\u0026theme=ivory\u0026include=eJxLqcxLzM1Mjk_NK8ksqYzPySwu0S_OyC-Pz80vSgUAtBcL_w"}]},{"command":"showMoreTeasers","id":"del--paragraph-567794","content":"\u003Ca href=\u0022\/aktuelles-aus-der-branche\/uebernahme-vertiv-uebernimmt-strategic-thermal-labs\u0022  class=\u0022teaser teaser--standard\u0022 aria-label=\u0022Vertiv \u00fcbernimmt Strategic Thermal Labs\u0022\u003E\n      \u003Cdiv class=\u0022teaser-content--image\u0022\u003E\n        \u003Cfigure class=\u0022image--figure\u0022\u003E\n        \u003Cpicture\u003E\n                        \u003Csource srcset=\u0022\/sites\/default\/files\/styles\/teaser_standard__m\/public\/aurora\/2026\/04\/533727.png.webp?itok=aHjz9Zgb 1x\u0022 media=\u0022(min-width: 48.0625em) and (max-width: 64em)\u0022 type=\u0022image\/webp\u0022 width=\u0022323\u0022 height=\u0022182\u0022\/\u003E\n                  \u003Csource srcset=\u0022\/sites\/default\/files\/styles\/teaser_standard__l\/public\/aurora\/2026\/04\/533727.png.webp?itok=FhVbr5x_ 1x\u0022 media=\u0022(min-width: 64.0625em)\u0022 type=\u0022image\/webp\u0022 width=\u0022203\u0022 height=\u0022114\u0022\/\u003E\n                  \u003Csource srcset=\u0022\/sites\/default\/files\/styles\/teaser_standard__m\/public\/aurora\/2026\/04\/533727.png?itok=idYA_PYU 1x\u0022 media=\u0022(min-width: 48.0625em) and (max-width: 64em)\u0022 type=\u0022image\/png\u0022 width=\u0022323\u0022 height=\u0022182\u0022\/\u003E\n                  \u003Csource srcset=\u0022\/sites\/default\/files\/styles\/teaser_standard__l\/public\/aurora\/2026\/04\/533727.png?itok=wyW7xjza 1x\u0022 media=\u0022(min-width: 64.0625em)\u0022 type=\u0022image\/png\u0022 width=\u0022203\u0022 height=\u0022114\u0022\/\u003E\n                          \u003Cimg loading=\u0022eager\u0022 data-caption-hide width=\u0022708\u0022 height=\u0022398\u0022 data-zoomed=\u0022https:\/\/www.diekaelte.de\/sites\/default\/files\/styles\/content__zoomed\/public\/aurora\/2026\/04\/533727.png?itok=gc_wR2cL\u0022 src=\u0022\/sites\/default\/files\/styles\/teaser_standard__s\/public\/aurora\/2026\/04\/533727.png?itok=fddF2TBB\u0022 title=\u0022Vertiv-Logo auf schwarzem Hintergrund neben dem Strategic Thermal Labs-Logo auf wei\u00dfem Hintergrund. - \u00a9 Vertiv\u0022 \/\u003E\n\n    \u003C\/picture\u003E\n      \u003Cfigcaption class=\u0022image--figcaption\u0022\u003E\n          \u003Cdiv class=\u0022copyright\u0022\u003EVertiv\u003C\/div\u003E\n          \u003C\/figcaption\u003E\n\u003C\/figure\u003E\n\n\n    \u003C\/div\u003E\n    \u003Cdiv class=\u0022teaser-content\u0022\u003E\n                    \u003Cdiv class=\u0022teaser-content--kicker\u0022\u003E\n                    \u00dcbernahme\n        \u003C\/div\u003E\n                                              \n                        \n        \u003Ch4 class=\u0022teaser-content--headline\u0022\u003E\n                                Vertiv \u00fcbernimmt Strategic Thermal \n                              \u003Cspan class=\u0022headline-last-word-arrow\u0022\u003ELabs                      \u003C\/span\u003E\n        \u003C\/h4\u003E\n            \u003Cdiv class=\u0022teaser-content--publishing-date\u0022\u003E\u003Ctime datetime=\u00222026-04-30T08:41:25Z\u0022\u003E30.04.2026\u003C\/time\u003E\n\u003C\/div\u003E\u003Cspan class=\u0022teaser-content--publishing-date-divider\u0022\u003E - \u003C\/span\u003E\u003Cdiv class=\u0022teaser-content--body\u0022\u003E\u003Cp\u003EDer Infrastrukturanbieter Vertiv hat den Spezialisten f\u00fcr Fl\u00fcssigkeitsk\u00fchltechnologien Strategic Thermal Labs \u00fcbernommen. Damit erweitert das Unternehmen seine Kompetenzen im Bereich der serverseitigen Fl\u00fcssigkeitsk\u00fchlung f\u00fcr hochdichte Rechenzentren.\u003C\/p\u003E\n\u003C\/div\u003E\n                        \u003Cspan class=\u0022read-more-arrow-container\u0022\u003E\n            \u003Cspan class=\u0022read-more-angled-arrow\u0022\u003E \u003C\/span\u003E\n          \u003C\/span\u003E\n                  \u003C\/div\u003E\n    \u003C\/a\u003E\n\u003Ca href=\u0022\/aktuelles-aus-der-branche\/aktuelle-zahlen-belegen-anhaltenden-bildungsirrtum-grosser\u0022  class=\u0022teaser teaser--standard\u0022 aria-label=\u0022Gro\u00dfer Nachwuchsbedarf\u0022\u003E\n      \u003Cdiv class=\u0022teaser-content--image\u0022\u003E\n        \u003Cfigure class=\u0022image--figure\u0022\u003E\n        \u003Cpicture\u003E\n                        \u003Csource srcset=\u0022\/sites\/default\/files\/styles\/teaser_standard__m\/public\/aurora\/2026\/04\/533706.jpeg.webp?itok=08JIGHLk 1x\u0022 media=\u0022(min-width: 48.0625em) and (max-width: 64em)\u0022 type=\u0022image\/webp\u0022 width=\u0022323\u0022 height=\u0022182\u0022\/\u003E\n                  \u003Csource srcset=\u0022\/sites\/default\/files\/styles\/teaser_standard__l\/public\/aurora\/2026\/04\/533706.jpeg.webp?itok=IwCUU9Ya 1x\u0022 media=\u0022(min-width: 64.0625em)\u0022 type=\u0022image\/webp\u0022 width=\u0022203\u0022 height=\u0022114\u0022\/\u003E\n                  \u003Csource srcset=\u0022\/sites\/default\/files\/styles\/teaser_standard__m\/public\/aurora\/2026\/04\/533706.jpeg?itok=vN_84LDd 1x\u0022 media=\u0022(min-width: 48.0625em) and (max-width: 64em)\u0022 type=\u0022image\/jpeg\u0022 width=\u0022323\u0022 height=\u0022182\u0022\/\u003E\n                  \u003Csource srcset=\u0022\/sites\/default\/files\/styles\/teaser_standard__l\/public\/aurora\/2026\/04\/533706.jpeg?itok=T89nIRWp 1x\u0022 media=\u0022(min-width: 64.0625em)\u0022 type=\u0022image\/jpeg\u0022 width=\u0022203\u0022 height=\u0022114\u0022\/\u003E\n                          \u003Cimg loading=\u0022eager\u0022 data-caption-hide width=\u0022708\u0022 height=\u0022398\u0022 data-zoomed=\u0022https:\/\/www.diekaelte.de\/sites\/default\/files\/styles\/content__zoomed\/public\/aurora\/2026\/04\/533706.jpeg?itok=pXpJEw8M\u0022 src=\u0022\/sites\/default\/files\/styles\/teaser_standard__s\/public\/aurora\/2026\/04\/533706.jpeg?itok=nK2h8dVm\u0022 title=\u0022Zwei M\u00e4nner untersuchen und testen Maschinen mit einem Handger\u00e4t in einer industriellen Umgebung. - \u00a9 Benndorf \u0026amp; Hildebrand GmbH, Berlin\u0022 \/\u003E\n\n    \u003C\/picture\u003E\n      \u003Cfigcaption class=\u0022image--figcaption\u0022\u003E\n          \u003Cdiv class=\u0022copyright\u0022\u003EBenndorf \u0026 Hildebrand GmbH, Berlin\u003C\/div\u003E\n          \u003C\/figcaption\u003E\n\u003C\/figure\u003E\n\n\n    \u003C\/div\u003E\n    \u003Cdiv class=\u0022teaser-content\u0022\u003E\n                    \u003Cdiv class=\u0022teaser-content--kicker\u0022\u003E\n                    Aktuelle Zahlen belegen anhaltenden Bildungsirrtum \n        \u003C\/div\u003E\n                                              \n                        \n        \u003Ch4 class=\u0022teaser-content--headline\u0022\u003E\n                                Gro\u00dfer \n                              \u003Cspan class=\u0022headline-last-word-arrow\u0022\u003ENachwuchsbedarf                      \u003C\/span\u003E\n        \u003C\/h4\u003E\n            \u003Cdiv class=\u0022teaser-content--publishing-date\u0022\u003E\u003Ctime datetime=\u00222026-04-30T08:20:00Z\u0022\u003E30.04.2026\u003C\/time\u003E\n\u003C\/div\u003E\u003Cspan class=\u0022teaser-content--publishing-date-divider\u0022\u003E - \u003C\/span\u003E\u003Cdiv class=\u0022teaser-content--body\u0022\u003E\u003Cp\u003EDurchaus vielversprechend stellt sich die Lage in der handwerklichen Nachwuchsfindung hinsichtlich der K\u00e4ltetechnik dar. Insgesamt 4.723 Ausbildende streben seit dem Jahr 2025 den Abschluss als Mechatroniker\/in der K\u00e4lte- und Klimatechnik an.\u003C\/p\u003E\n\u003C\/div\u003E\n                        \u003Cspan class=\u0022read-more-arrow-container\u0022\u003E\n            \u003Cspan class=\u0022read-more-angled-arrow\u0022\u003E \u003C\/span\u003E\n          \u003C\/span\u003E\n                  \u003C\/div\u003E\n    \u003C\/a\u003E\n\u003Ca href=\u0022\/aktuelles-aus-der-branche\/norddeutsche-kaelte-fachschule-springe-nkf-tage-2026-regulierung\u0022  class=\u0022teaser teaser--standard\u0022 aria-label=\u0022NKF-Tage 2026: Regulierung, Digitalisierung und neue Technologien\u0022\u003E\n      \u003Cdiv class=\u0022teaser-content--image\u0022\u003E\n        \u003Cfigure class=\u0022image--figure\u0022\u003E\n        \u003Cpicture\u003E\n                        \u003Csource srcset=\u0022\/sites\/default\/files\/styles\/teaser_standard__m\/public\/aurora\/2026\/04\/533685.jpeg.webp?itok=9DORPcpk 1x\u0022 media=\u0022(min-width: 48.0625em) and (max-width: 64em)\u0022 type=\u0022image\/webp\u0022 width=\u0022323\u0022 height=\u0022182\u0022\/\u003E\n                  \u003Csource srcset=\u0022\/sites\/default\/files\/styles\/teaser_standard__l\/public\/aurora\/2026\/04\/533685.jpeg.webp?itok=BL7NDTB3 1x\u0022 media=\u0022(min-width: 64.0625em)\u0022 type=\u0022image\/webp\u0022 width=\u0022203\u0022 height=\u0022114\u0022\/\u003E\n                  \u003Csource srcset=\u0022\/sites\/default\/files\/styles\/teaser_standard__m\/public\/aurora\/2026\/04\/533685.jpeg?itok=LNHZU78X 1x\u0022 media=\u0022(min-width: 48.0625em) and (max-width: 64em)\u0022 type=\u0022image\/jpeg\u0022 width=\u0022323\u0022 height=\u0022182\u0022\/\u003E\n                  \u003Csource srcset=\u0022\/sites\/default\/files\/styles\/teaser_standard__l\/public\/aurora\/2026\/04\/533685.jpeg?itok=pthq2ivd 1x\u0022 media=\u0022(min-width: 64.0625em)\u0022 type=\u0022image\/jpeg\u0022 width=\u0022203\u0022 height=\u0022114\u0022\/\u003E\n                          \u003Cimg loading=\u0022eager\u0022 data-caption-hide width=\u0022707\u0022 height=\u0022398\u0022 data-zoomed=\u0022https:\/\/www.diekaelte.de\/sites\/default\/files\/styles\/content__zoomed\/public\/aurora\/2026\/04\/533685.jpeg?itok=heaaPgXb\u0022 src=\u0022\/sites\/default\/files\/styles\/teaser_standard__s\/public\/aurora\/2026\/04\/533685.jpeg?itok=ASTN0nU_\u0022 title=\u0022Eine Gruppe von etwa 35 Personen posiert im Freien auf einer Wiese vor einem Geb\u00e4ude bei strahlend blauem Himmel. - \u00a9 NKF Springe\u0022 \/\u003E\n\n    \u003C\/picture\u003E\n      \u003Cfigcaption class=\u0022image--figcaption\u0022\u003E\n          \u003Cdiv class=\u0022copyright\u0022\u003ENKF Springe\u003C\/div\u003E\n          \u003C\/figcaption\u003E\n\u003C\/figure\u003E\n\n\n    \u003C\/div\u003E\n    \u003Cdiv class=\u0022teaser-content\u0022\u003E\n                    \u003Cdiv class=\u0022teaser-content--kicker\u0022\u003E\n                    Norddeutsche K\u00e4lte-Fachschule Springe\n        \u003C\/div\u003E\n                                              \n                        \n        \u003Ch4 class=\u0022teaser-content--headline\u0022\u003E\n                                NKF-Tage 2026: Regulierung, Digitalisierung und neue \n                              \u003Cspan class=\u0022headline-last-word-arrow\u0022\u003ETechnologien                      \u003C\/span\u003E\n        \u003C\/h4\u003E\n            \u003Cdiv class=\u0022teaser-content--publishing-date\u0022\u003E\u003Ctime datetime=\u00222026-04-30T08:14:11Z\u0022\u003E30.04.2026\u003C\/time\u003E\n\u003C\/div\u003E\u003Cspan class=\u0022teaser-content--publishing-date-divider\u0022\u003E - \u003C\/span\u003E\u003Cdiv class=\u0022teaser-content--body\u0022\u003E\u003Cp\u003EDie NKF-Tage am 24. und 25. April 2026 an der Norddeutschen K\u00e4lte-Fachschule spannten einen weiten Bogen: von der neuen Chemikalien-Klimaschutzverordnung \u00fcber Cybersecurity und Gefahrstoffmanagement bis hin zu CO\u2082-Anwendungen, magnetokalorischer K\u00e4ltetechnik und moderner F\u00fchrungskultur. Die Veranstaltung machte deutlich, wie stark sich das K\u00e4lteanlagenbauer-Handwerk derzeit fachlich, rechtlich und organisatorisch wandelt.\u003C\/p\u003E\n\u003C\/div\u003E\n                        \u003Cspan class=\u0022read-more-arrow-container\u0022\u003E\n            \u003Cspan class=\u0022read-more-angled-arrow\u0022\u003E \u003C\/span\u003E\n          \u003C\/span\u003E\n                  \u003C\/div\u003E\n    \u003C\/a\u003E\n\u003Ca href=\u0022\/aktuelles-aus-der-branche\/kaelten-tv-vdkf-im-gespraech-so-bildet-die-skf-aus\u0022  class=\u0022teaser teaser--standard\u0022 aria-label=\u0022VDKF im Gespr\u00e4ch \u0026amp; So bildet die SKF aus\u0022\u003E\n      \u003Cdiv class=\u0022teaser-content--image\u0022\u003E\n        \u003Cfigure class=\u0022image--figure\u0022\u003E\n        \u003Cpicture\u003E\n                        \u003Csource srcset=\u0022\/sites\/default\/files\/styles\/teaser_standard__m\/public\/aurora\/2026\/04\/533639.png.webp?itok=Xd5UwsWl 1x\u0022 media=\u0022(min-width: 48.0625em) and (max-width: 64em)\u0022 type=\u0022image\/webp\u0022 width=\u0022323\u0022 height=\u0022182\u0022\/\u003E\n                  \u003Csource srcset=\u0022\/sites\/default\/files\/styles\/teaser_standard__l\/public\/aurora\/2026\/04\/533639.png.webp?itok=s7Ep8Hwf 1x\u0022 media=\u0022(min-width: 64.0625em)\u0022 type=\u0022image\/webp\u0022 width=\u0022203\u0022 height=\u0022114\u0022\/\u003E\n                  \u003Csource srcset=\u0022\/sites\/default\/files\/styles\/teaser_standard__m\/public\/aurora\/2026\/04\/533639.png?itok=6ujL2VUv 1x\u0022 media=\u0022(min-width: 48.0625em) and (max-width: 64em)\u0022 type=\u0022image\/png\u0022 width=\u0022323\u0022 height=\u0022182\u0022\/\u003E\n                  \u003Csource srcset=\u0022\/sites\/default\/files\/styles\/teaser_standard__l\/public\/aurora\/2026\/04\/533639.png?itok=QSqmfM4v 1x\u0022 media=\u0022(min-width: 64.0625em)\u0022 type=\u0022image\/png\u0022 width=\u0022203\u0022 height=\u0022114\u0022\/\u003E\n                          \u003Cimg loading=\u0022eager\u0022 data-caption-hide width=\u0022708\u0022 height=\u0022398\u0022 data-zoomed=\u0022https:\/\/www.diekaelte.de\/sites\/default\/files\/styles\/content__zoomed\/public\/aurora\/2026\/04\/533639.png?itok=1ujRxgdb\u0022 src=\u0022\/sites\/default\/files\/styles\/teaser_standard__s\/public\/aurora\/2026\/04\/533639.png?itok=4jXWLOPx\u0022 title=\u0022K\u00c4LTEN TV-Banner mit Text: \u0026quot;SKF-Tour \u0026amp; VDKF im Gespr\u00e4ch\u0026quot; und eine Person, die in der N\u00e4he der Ausr\u00fcstung steht. - \u00a9 KK\u0022 \/\u003E\n\n    \u003C\/picture\u003E\n      \u003Cfigcaption class=\u0022image--figcaption\u0022\u003E\n          \u003Cdiv class=\u0022copyright\u0022\u003EKK\u003C\/div\u003E\n          \u003C\/figcaption\u003E\n\u003C\/figure\u003E\n\n\n    \u003C\/div\u003E\n    \u003Cdiv class=\u0022teaser-content\u0022\u003E\n                    \u003Cdiv class=\u0022teaser-content--kicker\u0022\u003E\n                    K\u00e4lten-TV\n        \u003C\/div\u003E\n                                              \n                        \n        \u003Ch4 class=\u0022teaser-content--headline\u0022\u003E\n                                VDKF im Gespr\u00e4ch \u0026amp; So bildet die SKF \n                              \u003Cspan class=\u0022headline-last-word-arrow\u0022\u003Eaus                      \u003C\/span\u003E\n        \u003C\/h4\u003E\n            \u003Cdiv class=\u0022teaser-content--publishing-date\u0022\u003E\u003Ctime datetime=\u00222026-04-29T21:00:23Z\u0022\u003E29.04.2026\u003C\/time\u003E\n\u003C\/div\u003E\u003Cspan class=\u0022teaser-content--publishing-date-divider\u0022\u003E - \u003C\/span\u003E\u003Cdiv class=\u0022teaser-content--body\u0022\u003E\u003Cp\u003EWir f\u00fcllen ein Aquarium mit CO2, sprechen mit dem VDKF und werfen einen Blick auf Recyclingflaschen.\u003C\/p\u003E\n\u003C\/div\u003E\n                        \u003Cspan class=\u0022read-more-arrow-container\u0022\u003E\n            \u003Cspan class=\u0022read-more-angled-arrow\u0022\u003E \u003C\/span\u003E\n          \u003C\/span\u003E\n                  \u003C\/div\u003E\n    \u003C\/a\u003E\n\u003Ca href=\u0022\/aktuelles-aus-der-branche\/vdkf-konjunkturumfrage-2026\u0022  class=\u0022teaser teaser--standard\u0022 aria-label=\u0022Konjunkturumfrage 2026\u0022\u003E\n      \u003Cdiv class=\u0022teaser-content--image\u0022\u003E\n        \u003Cfigure class=\u0022image--figure\u0022\u003E\n        \u003Cpicture\u003E\n                        \u003Csource srcset=\u0022\/sites\/default\/files\/styles\/teaser_standard__m\/public\/aurora\/2026\/04\/532976.jpeg.webp?itok=qd4e5N_P 1x\u0022 media=\u0022(min-width: 48.0625em) and (max-width: 64em)\u0022 type=\u0022image\/webp\u0022 width=\u0022285\u0022 height=\u0022242\u0022\/\u003E\n                  \u003Csource srcset=\u0022\/sites\/default\/files\/styles\/teaser_standard__l\/public\/aurora\/2026\/04\/532976.jpeg.webp?itok=DWST1Ei_ 1x\u0022 media=\u0022(min-width: 64.0625em)\u0022 type=\u0022image\/webp\u0022 width=\u0022179\u0022 height=\u0022152\u0022\/\u003E\n                  \u003Csource srcset=\u0022\/sites\/default\/files\/styles\/teaser_standard__m\/public\/aurora\/2026\/04\/532976.jpeg?itok=Ji0tnYh4 1x\u0022 media=\u0022(min-width: 48.0625em) and (max-width: 64em)\u0022 type=\u0022image\/jpeg\u0022 width=\u0022285\u0022 height=\u0022242\u0022\/\u003E\n                  \u003Csource srcset=\u0022\/sites\/default\/files\/styles\/teaser_standard__l\/public\/aurora\/2026\/04\/532976.jpeg?itok=4tMHJnep 1x\u0022 media=\u0022(min-width: 64.0625em)\u0022 type=\u0022image\/jpeg\u0022 width=\u0022179\u0022 height=\u0022152\u0022\/\u003E\n                          \u003Cimg alt=\u0022Die Teilnahme an der K\u00e4lte-Klima-Konjunkturumfrage des VDKF dauert online nur wenige Minuten\u0022 loading=\u0022eager\u0022 data-caption-hide width=\u0022469\u0022 height=\u0022398\u0022 data-zoomed=\u0022https:\/\/www.diekaelte.de\/sites\/default\/files\/styles\/content__zoomed\/public\/aurora\/2026\/04\/532976.jpeg?itok=FY-iT0It\u0022 src=\u0022\/sites\/default\/files\/styles\/teaser_standard__s\/public\/aurora\/2026\/04\/532976.jpeg?itok=lrthV_FQ\u0022 title=\u0022\u00a9 VDKF\u0022 \/\u003E\n\n    \u003C\/picture\u003E\n      \u003Cfigcaption class=\u0022image--figcaption\u0022\u003E\n          \u003Cdiv class=\u0022copyright\u0022\u003EVDKF\u003C\/div\u003E\n          \u003C\/figcaption\u003E\n\u003C\/figure\u003E\n\n\n    \u003C\/div\u003E\n    \u003Cdiv class=\u0022teaser-content\u0022\u003E\n                    \u003Cdiv class=\u0022teaser-content--kicker\u0022\u003E\n                    VDKF\n        \u003C\/div\u003E\n                                              \n                        \n        \u003Ch4 class=\u0022teaser-content--headline\u0022\u003E\n                                Konjunkturumfrage \n                              \u003Cspan class=\u0022headline-last-word-arrow\u0022\u003E2026                      \u003C\/span\u003E\n        \u003C\/h4\u003E\n            \u003Cdiv class=\u0022teaser-content--publishing-date\u0022\u003E\u003Ctime datetime=\u00222026-04-27T15:06:53Z\u0022\u003E27.04.2026\u003C\/time\u003E\n\u003C\/div\u003E\u003Cspan class=\u0022teaser-content--publishing-date-divider\u0022\u003E - \u003C\/span\u003E\u003Cdiv class=\u0022teaser-content--body\u0022\u003E\u003Cp\u003EUm ein Bild von der derzeitigen und zu erwartenden Marktsituation zu erhalten, f\u00fchrt der Verband Deutscher K\u00e4lte-Klima-Fachbetriebe (VDKF e.V.) auch in diesem Jahr wieder seine K\u00e4lte-Klima-Konjunkturumfrage durch. Neben Fragen zu T\u00e4tigkeitsbereichen und zur Gesch\u00e4ftslage wird vor allem das Thema K\u00e4ltemittel n\u00e4her beleuchtet.\u003C\/p\u003E\n\u003C\/div\u003E\n                        \u003Cspan class=\u0022read-more-arrow-container\u0022\u003E\n            \u003Cspan class=\u0022read-more-angled-arrow\u0022\u003E \u003C\/span\u003E\n          \u003C\/span\u003E\n                  \u003C\/div\u003E\n    \u003C\/a\u003E\n\u003Ca href=\u0022\/aktuelles-aus-der-branche\/vdkf-mitgliederversammlung-2026-zwischen-regulierung-transformation-und\u0022  class=\u0022teaser teaser--standard\u0022 aria-label=\u0022Mitgliederversammlung 2026: Zwischen Regulierung, Transformation und Fachkr\u00e4ftedruck\u0022\u003E\n      \u003Cdiv class=\u0022teaser-content--image\u0022\u003E\n        \u003Cfigure class=\u0022image--figure\u0022\u003E\n        \u003Cpicture\u003E\n                        \u003Csource srcset=\u0022\/sites\/default\/files\/styles\/teaser_standard__m\/public\/aurora\/2026\/04\/531285.jpeg.webp?itok=iw0s8d90 1x\u0022 media=\u0022(min-width: 48.0625em) and (max-width: 64em)\u0022 type=\u0022image\/webp\u0022 width=\u0022323\u0022 height=\u0022201\u0022\/\u003E\n                  \u003Csource srcset=\u0022\/sites\/default\/files\/styles\/teaser_standard__l\/public\/aurora\/2026\/04\/531285.jpeg.webp?itok=iv0mmiRN 1x\u0022 media=\u0022(min-width: 64.0625em)\u0022 type=\u0022image\/webp\u0022 width=\u0022203\u0022 height=\u0022127\u0022\/\u003E\n                  \u003Csource srcset=\u0022\/sites\/default\/files\/styles\/teaser_standard__m\/public\/aurora\/2026\/04\/531285.jpeg?itok=amSNKLgr 1x\u0022 media=\u0022(min-width: 48.0625em) and (max-width: 64em)\u0022 type=\u0022image\/jpeg\u0022 width=\u0022323\u0022 height=\u0022201\u0022\/\u003E\n                  \u003Csource srcset=\u0022\/sites\/default\/files\/styles\/teaser_standard__l\/public\/aurora\/2026\/04\/531285.jpeg?itok=Ss_DNhcX 1x\u0022 media=\u0022(min-width: 64.0625em)\u0022 type=\u0022image\/jpeg\u0022 width=\u0022203\u0022 height=\u0022127\u0022\/\u003E\n                          \u003Cimg alt=\u0022Am Vortag gab es bei der VDKF-Fachtagung eine Reihe an interessanten Vortr\u00e4gen.\u0022 loading=\u0022eager\u0022 data-caption-hide width=\u0022639\u0022 height=\u0022398\u0022 data-zoomed=\u0022https:\/\/www.diekaelte.de\/sites\/default\/files\/styles\/content__zoomed\/public\/aurora\/2026\/04\/531285.jpeg?itok=7UB0zHMT\u0022 src=\u0022\/sites\/default\/files\/styles\/teaser_standard__s\/public\/aurora\/2026\/04\/531285.jpeg?itok=hgBX50bs\u0022 title=\u0022\u00a9 KK\u0022 \/\u003E\n\n    \u003C\/picture\u003E\n      \u003Cfigcaption class=\u0022image--figcaption\u0022\u003E\n          \u003Cdiv class=\u0022copyright\u0022\u003EKK\u003C\/div\u003E\n          \u003C\/figcaption\u003E\n\u003C\/figure\u003E\n\n\n    \u003C\/div\u003E\n    \u003Cdiv class=\u0022teaser-content\u0022\u003E\n                    \u003Cdiv class=\u0022teaser-content--kicker\u0022\u003E\n                    VDKF\n        \u003C\/div\u003E\n                                              \n                        \n        \u003Ch4 class=\u0022teaser-content--headline\u0022\u003E\n                                Mitgliederversammlung 2026: Zwischen Regulierung, Transformation und \n                              \u003Cspan class=\u0022headline-last-word-arrow\u0022\u003EFachkr\u00e4ftedruck                      \u003C\/span\u003E\n        \u003C\/h4\u003E\n            \u003Cdiv class=\u0022teaser-content--publishing-date\u0022\u003E\u003Ctime datetime=\u00222026-04-21T12:49:28Z\u0022\u003E21.04.2026\u003C\/time\u003E\n\u003C\/div\u003E\u003Cspan class=\u0022teaser-content--publishing-date-divider\u0022\u003E - \u003C\/span\u003E\u003Cdiv class=\u0022teaser-content--body\u0022\u003E\u003Cp\u003ERegulierungsdruck, PFAS-Debatte, neue Zertifizierungspflichten und steigender Fachkr\u00e4ftebedarf: Auf der VDKF-Mitgliederversammlung wurde deutlich, wie gro\u00df die Herausforderungen f\u00fcr die K\u00e4ltebranche sind und warum jetzt gehandelt werden muss.\u003C\/p\u003E\n\u003C\/div\u003E\n                        \u003Cspan class=\u0022read-more-arrow-container\u0022\u003E\n            \u003Cspan class=\u0022read-more-angled-arrow\u0022\u003E \u003C\/span\u003E\n          \u003C\/span\u003E\n                  \u003C\/div\u003E\n    \u003C\/a\u003E\n\u003Ca href=\u0022\/industriekaelte\/lets-talk-industriekaelte-der-industriekaelte-hub\u0022  class=\u0022teaser teaser--standard\u0022 aria-label=\u0022Der Industriek\u00e4lte-Hub: Wertvolle Infos f\u00fcr Betreiber, Planer und OEMs\u0022\u003E\n      \u003Cdiv class=\u0022teaser-content--image\u0022\u003E\n        \u003Cfigure class=\u0022image--figure\u0022\u003E\n        \u003Cpicture\u003E\n                        \u003Csource srcset=\u0022\/sites\/default\/files\/styles\/teaser_standard__m\/public\/2026-03\/kk_kaelte_klimatechnik_online_banner_560x373.jpg.webp?itok=Gp4x5yzO 1x\u0022 media=\u0022(min-width: 48.0625em) and (max-width: 64em)\u0022 type=\u0022image\/webp\u0022 width=\u0022323\u0022 height=\u0022215\u0022\/\u003E\n                  \u003Csource srcset=\u0022\/sites\/default\/files\/styles\/teaser_standard__l\/public\/2026-03\/kk_kaelte_klimatechnik_online_banner_560x373.jpg.webp?itok=KnD_Twvo 1x\u0022 media=\u0022(min-width: 64.0625em)\u0022 type=\u0022image\/webp\u0022 width=\u0022203\u0022 height=\u0022135\u0022\/\u003E\n                  \u003Csource srcset=\u0022\/sites\/default\/files\/styles\/teaser_standard__m\/public\/2026-03\/kk_kaelte_klimatechnik_online_banner_560x373.jpg?itok=u60it2y7 1x\u0022 media=\u0022(min-width: 48.0625em) and (max-width: 64em)\u0022 type=\u0022image\/jpeg\u0022 width=\u0022323\u0022 height=\u0022215\u0022\/\u003E\n                  \u003Csource srcset=\u0022\/sites\/default\/files\/styles\/teaser_standard__l\/public\/2026-03\/kk_kaelte_klimatechnik_online_banner_560x373.jpg?itok=hafOlspW 1x\u0022 media=\u0022(min-width: 64.0625em)\u0022 type=\u0022image\/jpeg\u0022 width=\u0022203\u0022 height=\u0022135\u0022\/\u003E\n                          \u003Cimg loading=\u0022eager\u0022 data-caption-hide width=\u0022560\u0022 height=\u0022373\u0022 data-zoomed=\u0022https:\/\/www.diekaelte.de\/sites\/default\/files\/styles\/content__zoomed\/public\/2026-03\/kk_kaelte_klimatechnik_online_banner_560x373.jpg?itok=GN4RDBER\u0022 src=\u0022\/sites\/default\/files\/styles\/teaser_standard__s\/public\/2026-03\/kk_kaelte_klimatechnik_online_banner_560x373.jpg?itok=irDaqAV-\u0022 alt=\u0022\u0022 title=\u0022\u00a9 G\u00fcntner GmbH \u0026amp; Co. KG \u0022 \/\u003E\n\n    \u003C\/picture\u003E\n      \u003Cfigcaption class=\u0022image--figcaption\u0022\u003E\n          \u003Cdiv class=\u0022copyright\u0022\u003EG\u00fcntner GmbH \u0026 Co. KG \u003C\/div\u003E\n          \u003C\/figcaption\u003E\n\u003C\/figure\u003E\n\n\n    \u003C\/div\u003E\n    \u003Cdiv class=\u0022teaser-content\u0022\u003E\n                    \u003Cdiv class=\u0022teaser-content--kicker\u0022\u003E\n                      \u003Cdiv class=\u0022teaser-content--advertisement\u0022\u003EAnzeige\u003C\/div\u003E\n                    Let\u2019s talk Industriek\u00e4lte.\n        \u003C\/div\u003E\n                                              \n                        \n        \u003Ch4 class=\u0022teaser-content--headline\u0022\u003E\n                                Der Industriek\u00e4lte-Hub: Wertvolle Infos f\u00fcr Betreiber, Planer und \n                              \u003Cspan class=\u0022headline-last-word-arrow\u0022\u003EOEMs                      \u003C\/span\u003E\n        \u003C\/h4\u003E\n            \u003Cdiv class=\u0022teaser-content--publishing-date\u0022\u003E\u003Ctime datetime=\u00222026-04-20T08:20:19Z\u0022\u003E20.04.2026\u003C\/time\u003E\n\u003C\/div\u003E\u003Cspan class=\u0022teaser-content--publishing-date-divider\u0022\u003E - \u003C\/span\u003E\u003Cdiv class=\u0022teaser-content--body\u0022\u003E\u003Cp\u003EBei G\u00fcntner bedeutet \u201eLet\u2019s talk\u201c auch, Know-how zu teilen, damit Sie das Beste aus Ihrer K\u00fchlanlage herausholen \u2013 effizient, zuverl\u00e4ssig und zukunftssicher. Im Industriek\u00e4lte Hub finden Sie geb\u00fcndeltes Praxiswissen, aktuelle Trends und konkrete Tipps f\u00fcr Planung, Betrieb und Optimierung industrieller K\u00e4lteanlagen.\u003C\/p\u003E\n\u003C\/div\u003E\n                        \u003Cspan class=\u0022read-more-arrow-container\u0022\u003E\n            \u003Cspan class=\u0022read-more-angled-arrow\u0022\u003E \u003C\/span\u003E\n          \u003C\/span\u003E\n                  \u003C\/div\u003E\n    \u003C\/a\u003E\n\u003Ca href=\u0022\/aktuelles-aus-der-branche\/dsr-kkw-f-gase-verordnung-und-vorstandswahlen-im-fokus\u0022  class=\u0022teaser teaser--standard\u0022 aria-label=\u0022F-Gase-Verordnung und Vorstandswahlen im Fokus\u0022\u003E\n      \u003Cdiv class=\u0022teaser-content--image\u0022\u003E\n        \u003Cfigure class=\u0022image--figure\u0022\u003E\n        \u003Cpicture\u003E\n                        \u003Csource srcset=\u0022\/sites\/default\/files\/styles\/teaser_standard__m\/public\/aurora\/2026\/04\/529966.jpeg.webp?itok=DMwX7eze 1x\u0022 media=\u0022(min-width: 48.0625em) and (max-width: 64em)\u0022 type=\u0022image\/webp\u0022 width=\u0022323\u0022 height=\u0022242\u0022\/\u003E\n                  \u003Csource srcset=\u0022\/sites\/default\/files\/styles\/teaser_standard__l\/public\/aurora\/2026\/04\/529966.jpeg.webp?itok=8oh3mRhM 1x\u0022 media=\u0022(min-width: 64.0625em)\u0022 type=\u0022image\/webp\u0022 width=\u0022203\u0022 height=\u0022152\u0022\/\u003E\n                  \u003Csource srcset=\u0022\/sites\/default\/files\/styles\/teaser_standard__m\/public\/aurora\/2026\/04\/529966.jpeg?itok=GsBM_BzD 1x\u0022 media=\u0022(min-width: 48.0625em) and (max-width: 64em)\u0022 type=\u0022image\/jpeg\u0022 width=\u0022323\u0022 height=\u0022242\u0022\/\u003E\n                  \u003Csource srcset=\u0022\/sites\/default\/files\/styles\/teaser_standard__l\/public\/aurora\/2026\/04\/529966.jpeg?itok=KI1PrVVu 1x\u0022 media=\u0022(min-width: 64.0625em)\u0022 type=\u0022image\/jpeg\u0022 width=\u0022203\u0022 height=\u0022152\u0022\/\u003E\n                          \u003Cimg alt=\u0022Sachverst\u00e4ndiger und Pr\u00e4sident des DSR-KKW Wimar Wysluch\u0022 loading=\u0022eager\u0022 data-caption-hide width=\u0022531\u0022 height=\u0022398\u0022 data-zoomed=\u0022https:\/\/www.diekaelte.de\/sites\/default\/files\/styles\/content__zoomed\/public\/aurora\/2026\/04\/529966.jpeg?itok=nsxQGthr\u0022 src=\u0022\/sites\/default\/files\/styles\/teaser_standard__s\/public\/aurora\/2026\/04\/529966.jpeg?itok=JqxUnBbp\u0022 title=\u0022\u00a9 DSR-KKW\u0022 \/\u003E\n\n    \u003C\/picture\u003E\n      \u003Cfigcaption class=\u0022image--figcaption\u0022\u003E\n          \u003Cdiv class=\u0022copyright\u0022\u003EDSR-KKW\u003C\/div\u003E\n          \u003C\/figcaption\u003E\n\u003C\/figure\u003E\n\n\n    \u003C\/div\u003E\n    \u003Cdiv class=\u0022teaser-content\u0022\u003E\n                    \u003Cdiv class=\u0022teaser-content--kicker\u0022\u003E\n                    DSR-KKW\n        \u003C\/div\u003E\n                                              \n                        \n        \u003Ch4 class=\u0022teaser-content--headline\u0022\u003E\n                                F-Gase-Verordnung und Vorstandswahlen im \n                              \u003Cspan class=\u0022headline-last-word-arrow\u0022\u003EFokus                      \u003C\/span\u003E\n        \u003C\/h4\u003E\n            \u003Cdiv class=\u0022teaser-content--publishing-date\u0022\u003E\u003Ctime datetime=\u00222026-04-17T06:06:00Z\u0022\u003E17.04.2026\u003C\/time\u003E\n\u003C\/div\u003E\u003Cspan class=\u0022teaser-content--publishing-date-divider\u0022\u003E - \u003C\/span\u003E\u003Cdiv class=\u0022teaser-content--body\u0022\u003E\u003Cp\u003EDer Deutsche Sachverst\u00e4ndigen Rat K\u00e4lte Klima W\u00e4rmepumpe hielt Ende M\u00e4rz seine Fr\u00fchjahrsveranstaltung in Maintal ab. Im Mittelpunkt standen die Vorstandswahlen sowie Fachthemen wie die F-Gase-Verordnung und die daraus resultierenden Zertifizierungen f\u00fcr Sachverst\u00e4ndige\u003C\/p\u003E\n\u003C\/div\u003E\n                        \u003Cspan class=\u0022read-more-arrow-container\u0022\u003E\n            \u003Cspan class=\u0022read-more-angled-arrow\u0022\u003E \u003C\/span\u003E\n          \u003C\/span\u003E\n                  \u003C\/div\u003E\n    \u003C\/a\u003E\n\u003Ca href=\u0022\/aktuelles-aus-der-branche\/bfs-qualifikation-von-fachkraeften-sichern-und-gestalten\u0022  class=\u0022teaser teaser--standard\u0022 aria-label=\u0022Qualifikation von Fachkr\u00e4ften sichern und gestalten\u0022\u003E\n      \u003Cdiv class=\u0022teaser-content--image\u0022\u003E\n        \u003Cfigure class=\u0022image--figure\u0022\u003E\n        \u003Cpicture\u003E\n                        \u003Csource srcset=\u0022\/sites\/default\/files\/styles\/teaser_standard__m\/public\/aurora\/2026\/04\/529705.jpeg.webp?itok=60kBtbtq 1x\u0022 media=\u0022(min-width: 48.0625em) and (max-width: 64em)\u0022 type=\u0022image\/webp\u0022 width=\u0022323\u0022 height=\u0022229\u0022\/\u003E\n                  \u003Csource srcset=\u0022\/sites\/default\/files\/styles\/teaser_standard__l\/public\/aurora\/2026\/04\/529705.jpeg.webp?itok=ivEsRpUT 1x\u0022 media=\u0022(min-width: 64.0625em)\u0022 type=\u0022image\/webp\u0022 width=\u0022203\u0022 height=\u0022144\u0022\/\u003E\n                  \u003Csource srcset=\u0022\/sites\/default\/files\/styles\/teaser_standard__m\/public\/aurora\/2026\/04\/529705.jpeg?itok=5cN_LRGH 1x\u0022 media=\u0022(min-width: 48.0625em) and (max-width: 64em)\u0022 type=\u0022image\/jpeg\u0022 width=\u0022323\u0022 height=\u0022229\u0022\/\u003E\n                  \u003Csource srcset=\u0022\/sites\/default\/files\/styles\/teaser_standard__l\/public\/aurora\/2026\/04\/529705.jpeg?itok=jyBZy3ke 1x\u0022 media=\u0022(min-width: 64.0625em)\u0022 type=\u0022image\/jpeg\u0022 width=\u0022203\u0022 height=\u0022144\u0022\/\u003E\n                          \u003Cimg loading=\u0022eager\u0022 data-caption-hide width=\u0022561\u0022 height=\u0022398\u0022 data-zoomed=\u0022https:\/\/www.diekaelte.de\/sites\/default\/files\/styles\/content__zoomed\/public\/aurora\/2026\/04\/529705.jpeg?itok=0rVxidsF\u0022 src=\u0022\/sites\/default\/files\/styles\/teaser_standard__s\/public\/aurora\/2026\/04\/529705.jpeg?itok=lrolEHGS\u0022 title=\u0022Zwei Stellenanzeigen: Die eine zeigt Studenten mit einem Lehrer, die andere zwei M\u00e4nner, die in einem Labor an elektrischen Schalttafeln arbeiten. - \u00a9 Bundesfachschule K\u00e4lte-Klima-Technik\u0022 \/\u003E\n\n    \u003C\/picture\u003E\n      \u003Cfigcaption class=\u0022image--figcaption\u0022\u003E\n          \u003Cdiv class=\u0022copyright\u0022\u003EBundesfachschule K\u00e4lte-Klima-Technik\u003C\/div\u003E\n          \u003C\/figcaption\u003E\n\u003C\/figure\u003E\n\n\n    \u003C\/div\u003E\n    \u003Cdiv class=\u0022teaser-content\u0022\u003E\n                    \u003Cdiv class=\u0022teaser-content--kicker\u0022\u003E\n                    BFS\n        \u003C\/div\u003E\n                                              \n                        \n        \u003Ch4 class=\u0022teaser-content--headline\u0022\u003E\n                                Qualifikation von Fachkr\u00e4ften sichern und \n                              \u003Cspan class=\u0022headline-last-word-arrow\u0022\u003Egestalten                      \u003C\/span\u003E\n        \u003C\/h4\u003E\n            \u003Cdiv class=\u0022teaser-content--publishing-date\u0022\u003E\u003Ctime datetime=\u00222026-04-16T05:12:15Z\u0022\u003E16.04.2026\u003C\/time\u003E\n\u003C\/div\u003E\u003Cspan class=\u0022teaser-content--publishing-date-divider\u0022\u003E - \u003C\/span\u003E\u003Cdiv class=\u0022teaser-content--body\u0022\u003E\u003Cp\u003EAngesichts des Fachkr\u00e4ftemangels in der K\u00e4lte- und Klimatechnik sucht die Bundesfachschule K\u00e4lte Klima Technik Personal. Insbesondere werden Dozenten gesucht, um die Aus- und Weiterbildung in der Branche zu gew\u00e4hrleisten.\u003C\/p\u003E\n\u003C\/div\u003E\n                        \u003Cspan class=\u0022read-more-arrow-container\u0022\u003E\n            \u003Cspan class=\u0022read-more-angled-arrow\u0022\u003E \u003C\/span\u003E\n          \u003C\/span\u003E\n                  \u003C\/div\u003E\n    \u003C\/a\u003E\n\u003Ca href=\u0022\/aktuelles-aus-der-branche\/esak-studiumplus-neuer-campus-staerkt-duales-studium-der-kaelte-und\u0022  class=\u0022teaser teaser--standard\u0022 aria-label=\u0022Neuer Campus st\u00e4rkt duales Studium der K\u00e4lte- und Klimatechnik\u0022\u003E\n      \u003Cdiv class=\u0022teaser-content--image\u0022\u003E\n        \u003Cfigure class=\u0022image--figure\u0022\u003E\n        \u003Cpicture\u003E\n                        \u003Csource srcset=\u0022\/sites\/default\/files\/styles\/teaser_standard__m\/public\/aurora\/2026\/04\/528684.png.webp?itok=ToNoQ4yN 1x\u0022 media=\u0022(min-width: 48.0625em) and (max-width: 64em)\u0022 type=\u0022image\/webp\u0022 width=\u0022171\u0022 height=\u0022242\u0022\/\u003E\n                  \u003Csource srcset=\u0022\/sites\/default\/files\/styles\/teaser_standard__l\/public\/aurora\/2026\/04\/528684.png.webp?itok=7OLXdgG7 1x\u0022 media=\u0022(min-width: 64.0625em)\u0022 type=\u0022image\/webp\u0022 width=\u0022107\u0022 height=\u0022152\u0022\/\u003E\n                  \u003Csource srcset=\u0022\/sites\/default\/files\/styles\/teaser_standard__m\/public\/aurora\/2026\/04\/528684.png?itok=sb20Tgh3 1x\u0022 media=\u0022(min-width: 48.0625em) and (max-width: 64em)\u0022 type=\u0022image\/png\u0022 width=\u0022171\u0022 height=\u0022242\u0022\/\u003E\n                  \u003Csource srcset=\u0022\/sites\/default\/files\/styles\/teaser_standard__l\/public\/aurora\/2026\/04\/528684.png?itok=0KL_SskW 1x\u0022 media=\u0022(min-width: 64.0625em)\u0022 type=\u0022image\/png\u0022 width=\u0022107\u0022 height=\u0022152\u0022\/\u003E\n                          \u003Cimg alt=\u0022Leben \u0026amp; Studieren am Campus\u0022 loading=\u0022eager\u0022 data-caption-hide width=\u0022281\u0022 height=\u0022398\u0022 data-zoomed=\u0022https:\/\/www.diekaelte.de\/sites\/default\/files\/styles\/content__zoomed\/public\/aurora\/2026\/04\/528684.png?itok=wsmfUsPs\u0022 src=\u0022\/sites\/default\/files\/styles\/teaser_standard__s\/public\/aurora\/2026\/04\/528684.png?itok=LjMXM9f6\u0022 title=\u0022\u00a9 Fingerhaus, Frankenberg (Eder)\u0022 \/\u003E\n\n    \u003C\/picture\u003E\n      \u003Cfigcaption class=\u0022image--figcaption\u0022\u003E\n          \u003Cdiv class=\u0022copyright\u0022\u003EFingerhaus, Frankenberg (Eder)\u003C\/div\u003E\n          \u003C\/figcaption\u003E\n\u003C\/figure\u003E\n\n\n    \u003C\/div\u003E\n    \u003Cdiv class=\u0022teaser-content\u0022\u003E\n                    \u003Cdiv class=\u0022teaser-content--kicker\u0022\u003E\n                    ESaK \/ StudiumPlus\n        \u003C\/div\u003E\n                                              \n                        \n        \u003Ch4 class=\u0022teaser-content--headline\u0022\u003E\n                                Neuer Campus st\u00e4rkt duales Studium der K\u00e4lte- und \n                              \u003Cspan class=\u0022headline-last-word-arrow\u0022\u003EKlimatechnik                      \u003C\/span\u003E\n        \u003C\/h4\u003E\n            \u003Cdiv class=\u0022teaser-content--publishing-date\u0022\u003E\u003Ctime datetime=\u00222026-04-10T11:48:40Z\u0022\u003E10.04.2026\u003C\/time\u003E\n\u003C\/div\u003E\u003Cspan class=\u0022teaser-content--publishing-date-divider\u0022\u003E - \u003C\/span\u003E\u003Cdiv class=\u0022teaser-content--body\u0022\u003E\u003Cp\u003EDas duale Studienangebot im Bereich K\u00e4lte- und Klimatechnik erh\u00e4lt einen neuen Standort: Ab dem Wintersemester 2026\/27 wird die Fachrichtung im dualen Bachelorstudiengang Ingenieurwesen Maschinenbau am neuen StudiumPlus-Campus in Frankenberg angeboten.\u003C\/p\u003E\n\u003C\/div\u003E\n                        \u003Cspan class=\u0022read-more-arrow-container\u0022\u003E\n            \u003Cspan class=\u0022read-more-angled-arrow\u0022\u003E \u003C\/span\u003E\n          \u003C\/span\u003E\n                  \u003C\/div\u003E\n    \u003C\/a\u003E\n\u003Ca href=\u0022\/people\/schweitzer-chemie-dr-marie-louise-morkos-und-johannes-puy-alleinige-geschaeftsfuehrer\u0022  class=\u0022teaser teaser--standard\u0022 aria-label=\u0022Dr. Marie-Louise Morkos und Johannes Puy alleinige Gesch\u00e4ftsf\u00fchrer\u0022\u003E\n      \u003Cdiv class=\u0022teaser-content--image\u0022\u003E\n        \u003Cfigure class=\u0022image--figure\u0022\u003E\n        \u003Cpicture\u003E\n                        \u003Csource srcset=\u0022\/sites\/default\/files\/styles\/teaser_standard__m\/public\/aurora\/2026\/04\/528112.jpeg.webp?itok=YMpGjp96 1x\u0022 media=\u0022(min-width: 48.0625em) and (max-width: 64em)\u0022 type=\u0022image\/webp\u0022 width=\u0022226\u0022 height=\u0022242\u0022\/\u003E\n                  \u003Csource srcset=\u0022\/sites\/default\/files\/styles\/teaser_standard__l\/public\/aurora\/2026\/04\/528112.jpeg.webp?itok=3z2R_enS 1x\u0022 media=\u0022(min-width: 64.0625em)\u0022 type=\u0022image\/webp\u0022 width=\u0022142\u0022 height=\u0022152\u0022\/\u003E\n                  \u003Csource srcset=\u0022\/sites\/default\/files\/styles\/teaser_standard__m\/public\/aurora\/2026\/04\/528112.jpeg?itok=DIE7lFwp 1x\u0022 media=\u0022(min-width: 48.0625em) and (max-width: 64em)\u0022 type=\u0022image\/jpeg\u0022 width=\u0022226\u0022 height=\u0022242\u0022\/\u003E\n                  \u003Csource srcset=\u0022\/sites\/default\/files\/styles\/teaser_standard__l\/public\/aurora\/2026\/04\/528112.jpeg?itok=VDlC6yZ9 1x\u0022 media=\u0022(min-width: 64.0625em)\u0022 type=\u0022image\/jpeg\u0022 width=\u0022142\u0022 height=\u0022152\u0022\/\u003E\n                          \u003Cimg alt=\u0022Seit dem 1. April 2026 Gesch\u00e4ftsf\u00fchrerin: Dr. Marie-Louise Morkos.\u0022 loading=\u0022eager\u0022 data-caption-hide width=\u0022372\u0022 height=\u0022398\u0022 data-zoomed=\u0022https:\/\/www.diekaelte.de\/sites\/default\/files\/styles\/content__zoomed\/public\/aurora\/2026\/04\/528112.jpeg?itok=o7CAjJ71\u0022 src=\u0022\/sites\/default\/files\/styles\/teaser_standard__s\/public\/aurora\/2026\/04\/528112.jpeg?itok=Uca0-a_G\u0022 title=\u0022\u00a9 Schweitzer-Chemie \/ Morkos\u0022 \/\u003E\n\n    \u003C\/picture\u003E\n      \u003Cfigcaption class=\u0022image--figcaption\u0022\u003E\n          \u003Cdiv class=\u0022copyright\u0022\u003ESchweitzer-Chemie \/ Morkos\u003C\/div\u003E\n          \u003C\/figcaption\u003E\n\u003C\/figure\u003E\n\n\n    \u003C\/div\u003E\n    \u003Cdiv class=\u0022teaser-content\u0022\u003E\n                    \u003Cdiv class=\u0022teaser-content--kicker\u0022\u003E\n                    Schweitzer-Chemie \n        \u003C\/div\u003E\n                                              \n                        \n        \u003Ch4 class=\u0022teaser-content--headline\u0022\u003E\n                                Dr. Marie-Louise Morkos und Johannes Puy alleinige \n                              \u003Cspan class=\u0022headline-last-word-arrow\u0022\u003EGesch\u00e4ftsf\u00fchrer                      \u003C\/span\u003E\n        \u003C\/h4\u003E\n            \u003Cdiv class=\u0022teaser-content--publishing-date\u0022\u003E\u003Ctime datetime=\u00222026-04-08T08:32:20Z\u0022\u003E08.04.2026\u003C\/time\u003E\n\u003C\/div\u003E\u003Cspan class=\u0022teaser-content--publishing-date-divider\u0022\u003E - \u003C\/span\u003E\u003Cdiv class=\u0022teaser-content--body\u0022\u003E\u003Cp\u003EMit Wirkung zum 1. April 2026 haben Dr. Marie-Louise Morkos (Bild) und Johannes Puy die alleinige Gesch\u00e4ftsf\u00fchrung der Schweitzer-Chemie GmbH, Freiberg am Neckar, \u00fcbernommen.\u003C\/p\u003E\n\u003C\/div\u003E\n                        \u003Cspan class=\u0022read-more-arrow-container\u0022\u003E\n            \u003Cspan class=\u0022read-more-angled-arrow\u0022\u003E \u003C\/span\u003E\n          \u003C\/span\u003E\n                  \u003C\/div\u003E\n    \u003C\/a\u003E\n\u003Ca href=\u0022\/aktuelles-aus-der-branche\/technologie-und-schulungszentrum-muenchen-kaeltetechnik-74-gesellen\u0022  class=\u0022teaser teaser--standard\u0022 aria-label=\u0022K\u00e4ltetechnik: 74 Gesellen in Oberbayern freigesprochen\u0022\u003E\n      \u003Cdiv class=\u0022teaser-content--image\u0022\u003E\n        \u003Cfigure class=\u0022image--figure\u0022\u003E\n        \u003Cpicture\u003E\n                        \u003Csource srcset=\u0022\/sites\/default\/files\/styles\/teaser_standard__m\/public\/aurora\/2026\/04\/527551.jpeg.webp?itok=HxSTuF5g 1x\u0022 media=\u0022(min-width: 48.0625em) and (max-width: 64em)\u0022 type=\u0022image\/webp\u0022 width=\u0022323\u0022 height=\u0022242\u0022\/\u003E\n                  \u003Csource srcset=\u0022\/sites\/default\/files\/styles\/teaser_standard__l\/public\/aurora\/2026\/04\/527551.jpeg.webp?itok=p7BXIrd7 1x\u0022 media=\u0022(min-width: 64.0625em)\u0022 type=\u0022image\/webp\u0022 width=\u0022203\u0022 height=\u0022152\u0022\/\u003E\n                  \u003Csource srcset=\u0022\/sites\/default\/files\/styles\/teaser_standard__m\/public\/aurora\/2026\/04\/527551.jpeg?itok=8EzSevu0 1x\u0022 media=\u0022(min-width: 48.0625em) and (max-width: 64em)\u0022 type=\u0022image\/jpeg\u0022 width=\u0022323\u0022 height=\u0022242\u0022\/\u003E\n                  \u003Csource srcset=\u0022\/sites\/default\/files\/styles\/teaser_standard__l\/public\/aurora\/2026\/04\/527551.jpeg?itok=RfdaGiGL 1x\u0022 media=\u0022(min-width: 64.0625em)\u0022 type=\u0022image\/jpeg\u0022 width=\u0022203\u0022 height=\u0022152\u0022\/\u003E\n                          \u003Cimg alt=\u0022Gruppenbild Mechatroniker f\u00fcr K\u00e4ltetechnik\u0022 loading=\u0022eager\u0022 data-caption-hide width=\u0022531\u0022 height=\u0022398\u0022 data-zoomed=\u0022https:\/\/www.diekaelte.de\/sites\/default\/files\/styles\/content__zoomed\/public\/aurora\/2026\/04\/527551.jpeg?itok=E5O_tpu6\u0022 src=\u0022\/sites\/default\/files\/styles\/teaser_standard__s\/public\/aurora\/2026\/04\/527551.jpeg?itok=jttEVQmg\u0022 title=\u0022\u00a9 hamec\u0022 \/\u003E\n\n    \u003C\/picture\u003E\n      \u003Cfigcaption class=\u0022image--figcaption\u0022\u003E\n          \u003Cdiv class=\u0022copyright\u0022\u003Ehamec\u003C\/div\u003E\n          \u003C\/figcaption\u003E\n\u003C\/figure\u003E\n\n\n    \u003C\/div\u003E\n    \u003Cdiv class=\u0022teaser-content\u0022\u003E\n                    \u003Cdiv class=\u0022teaser-content--kicker\u0022\u003E\n                    Technologie- und Schulungszentrum M\u00fcnchen\n        \u003C\/div\u003E\n                                              \n                        \n        \u003Ch4 class=\u0022teaser-content--headline\u0022\u003E\n                                K\u00e4ltetechnik: 74 Gesellen in Oberbayern \n                              \u003Cspan class=\u0022headline-last-word-arrow\u0022\u003Efreigesprochen                      \u003C\/span\u003E\n        \u003C\/h4\u003E\n            \u003Cdiv class=\u0022teaser-content--publishing-date\u0022\u003E\u003Ctime datetime=\u00222026-04-03T05:30:40Z\u0022\u003E03.04.2026\u003C\/time\u003E\n\u003C\/div\u003E\u003Cspan class=\u0022teaser-content--publishing-date-divider\u0022\u003E - \u003C\/span\u003E\u003Cdiv class=\u0022teaser-content--body\u0022\u003E\u003Cp\u003EDie Innung f\u00fcr K\u00e4lte- und Klimatechnik M\u00fcnchen\/Oberbayern hat am 27. M\u00e4rz im B\u00fcrgerzentrum Oberschlei\u00dfheim 74 Mechatroniker f\u00fcr K\u00e4ltetechnik freigesprochen. Insgesamt hatten 146 Kandidaten an der Pr\u00fcfung teilgenommen. Konrad Ruthensteiner wurde als Innungssieger der Sommerpr\u00fcfung ausgezeichnet.\u003C\/p\u003E\n\u003C\/div\u003E\n                        \u003Cspan class=\u0022read-more-arrow-container\u0022\u003E\n            \u003Cspan class=\u0022read-more-angled-arrow\u0022\u003E \u003C\/span\u003E\n          \u003C\/span\u003E\n                  \u003C\/div\u003E\n    \u003C\/a\u003E\n\u003Ca href=\u0022\/people\/carel-oliver-zaha-neuer-sales-manager-fuer-dach-region\u0022  class=\u0022teaser teaser--standard\u0022 aria-label=\u0022Oliver Zaha neuer Sales Manager f\u00fcr DACH-Region\u0022\u003E\n      \u003Cdiv class=\u0022teaser-content--image\u0022\u003E\n        \u003Cfigure class=\u0022image--figure\u0022\u003E\n        \u003Cpicture\u003E\n                        \u003Csource srcset=\u0022\/sites\/default\/files\/styles\/teaser_standard__m\/public\/aurora\/2026\/03\/525792.png.webp?itok=PlOq8Ihe 1x\u0022 media=\u0022(min-width: 48.0625em) and (max-width: 64em)\u0022 type=\u0022image\/webp\u0022 width=\u0022239\u0022 height=\u0022242\u0022\/\u003E\n                  \u003Csource srcset=\u0022\/sites\/default\/files\/styles\/teaser_standard__l\/public\/aurora\/2026\/03\/525792.png.webp?itok=LAGrvr-u 1x\u0022 media=\u0022(min-width: 64.0625em)\u0022 type=\u0022image\/webp\u0022 width=\u0022150\u0022 height=\u0022152\u0022\/\u003E\n                  \u003Csource srcset=\u0022\/sites\/default\/files\/styles\/teaser_standard__m\/public\/aurora\/2026\/03\/525792.png?itok=-NgONHOB 1x\u0022 media=\u0022(min-width: 48.0625em) and (max-width: 64em)\u0022 type=\u0022image\/png\u0022 width=\u0022239\u0022 height=\u0022242\u0022\/\u003E\n                  \u003Csource srcset=\u0022\/sites\/default\/files\/styles\/teaser_standard__l\/public\/aurora\/2026\/03\/525792.png?itok=CQv2KzAh 1x\u0022 media=\u0022(min-width: 64.0625em)\u0022 type=\u0022image\/png\u0022 width=\u0022150\u0022 height=\u0022152\u0022\/\u003E\n                          \u003Cimg loading=\u0022eager\u0022 data-caption-hide width=\u0022393\u0022 height=\u0022398\u0022 data-zoomed=\u0022https:\/\/www.diekaelte.de\/sites\/default\/files\/styles\/content__zoomed\/public\/aurora\/2026\/03\/525792.png?itok=MTISrqkE\u0022 src=\u0022\/sites\/default\/files\/styles\/teaser_standard__s\/public\/aurora\/2026\/03\/525792.png?itok=3ua2Udup\u0022 title=\u0022Mann in grauem Anzug und wei\u00dfem Hemd l\u00e4chelt vor einem roten Hintergrund im Bokeh-Stil. - \u00a9 Carel\u0022 \/\u003E\n\n    \u003C\/picture\u003E\n      \u003Cfigcaption class=\u0022image--figcaption\u0022\u003E\n          \u003Cdiv class=\u0022copyright\u0022\u003ECarel\u003C\/div\u003E\n          \u003C\/figcaption\u003E\n\u003C\/figure\u003E\n\n\n    \u003C\/div\u003E\n    \u003Cdiv class=\u0022teaser-content\u0022\u003E\n                    \u003Cdiv class=\u0022teaser-content--kicker\u0022\u003E\n                    Carel\n        \u003C\/div\u003E\n                                              \n                        \n        \u003Ch4 class=\u0022teaser-content--headline\u0022\u003E\n                                Oliver Zaha neuer Sales Manager f\u00fcr \n                              \u003Cspan class=\u0022headline-last-word-arrow\u0022\u003EDACH-Region                      \u003C\/span\u003E\n        \u003C\/h4\u003E\n            \u003Cdiv class=\u0022teaser-content--publishing-date\u0022\u003E\u003Ctime datetime=\u00222026-03-27T12:53:26Z\u0022\u003E27.03.2026\u003C\/time\u003E\n\u003C\/div\u003E\u003Cspan class=\u0022teaser-content--publishing-date-divider\u0022\u003E - \u003C\/span\u003E\u003Cdiv class=\u0022teaser-content--body\u0022\u003E\u003Cp\u003ESeit dem 1. Februar 2026 ist Oliver Zaha als Sales Manager Refrigeration D-A-CH-NL Teil des Teams der Carel Deutschland GmbH. In dieser Funktion ist er f\u00fcr die Weiterentwicklung des Gesch\u00e4ftsbereichs Refrigeration verantwortlich, mit besonderem Fokus auf Wachstum sowie die Betreuung und den Ausbau gro\u00dfer OEM-Kunden in der Region D-A-CH-NL.\u003C\/p\u003E\n\u003C\/div\u003E\n                        \u003Cspan class=\u0022read-more-arrow-container\u0022\u003E\n            \u003Cspan class=\u0022read-more-angled-arrow\u0022\u003E \u003C\/span\u003E\n          \u003C\/span\u003E\n                  \u003C\/div\u003E\n    \u003C\/a\u003E\n\u003Ca href=\u0022\/aktuelles-aus-der-branche\/kaelten-tv-familie-meister-beruf-neues-aus-dem-kaeltenklub-kaelten-tv\u0022  class=\u0022teaser teaser--standard\u0022 aria-label=\u0022Familie, Meister, Beruf - Neues aus dem K\u00e4ltenKlub | K\u00c4LTEN-TV\u0022\u003E\n      \u003Cdiv class=\u0022teaser-content--image\u0022\u003E\n        \u003Cfigure class=\u0022image--figure\u0022\u003E\n        \u003Cpicture\u003E\n                        \u003Csource srcset=\u0022\/sites\/default\/files\/styles\/teaser_standard__m\/public\/aurora\/2026\/03\/525630.png.webp?itok=4fhNbrHD 1x\u0022 media=\u0022(min-width: 48.0625em) and (max-width: 64em)\u0022 type=\u0022image\/webp\u0022 width=\u0022323\u0022 height=\u0022182\u0022\/\u003E\n                  \u003Csource srcset=\u0022\/sites\/default\/files\/styles\/teaser_standard__l\/public\/aurora\/2026\/03\/525630.png.webp?itok=eq5WbIZZ 1x\u0022 media=\u0022(min-width: 64.0625em)\u0022 type=\u0022image\/webp\u0022 width=\u0022203\u0022 height=\u0022114\u0022\/\u003E\n                  \u003Csource srcset=\u0022\/sites\/default\/files\/styles\/teaser_standard__m\/public\/aurora\/2026\/03\/525630.png?itok=9S7QmLns 1x\u0022 media=\u0022(min-width: 48.0625em) and (max-width: 64em)\u0022 type=\u0022image\/png\u0022 width=\u0022323\u0022 height=\u0022182\u0022\/\u003E\n                  \u003Csource srcset=\u0022\/sites\/default\/files\/styles\/teaser_standard__l\/public\/aurora\/2026\/03\/525630.png?itok=XEothiPt 1x\u0022 media=\u0022(min-width: 64.0625em)\u0022 type=\u0022image\/png\u0022 width=\u0022203\u0022 height=\u0022114\u0022\/\u003E\n                          \u003Cimg loading=\u0022eager\u0022 data-caption-hide width=\u0022708\u0022 height=\u0022398\u0022 data-zoomed=\u0022https:\/\/www.diekaelte.de\/sites\/default\/files\/styles\/content__zoomed\/public\/aurora\/2026\/03\/525630.png?itok=szoBYyKI\u0022 src=\u0022\/sites\/default\/files\/styles\/teaser_standard__s\/public\/aurora\/2026\/03\/525630.png?itok=DVgUVmar\u0022 title=\u0022Gruppe von Personen mit Urkunden auf der B\u00fchne; Text: \u0026quot;Familie, Meister, Beruf\u0026quot; und \u0026quot;K\u00c4LTENtv. - \u00a9 KK-Redaktion\u0022 \/\u003E\n\n    \u003C\/picture\u003E\n      \u003Cfigcaption class=\u0022image--figcaption\u0022\u003E\n          \u003Cdiv class=\u0022copyright\u0022\u003EKK-Redaktion\u003C\/div\u003E\n          \u003C\/figcaption\u003E\n\u003C\/figure\u003E\n\n\n    \u003C\/div\u003E\n    \u003Cdiv class=\u0022teaser-content\u0022\u003E\n                    \u003Cdiv class=\u0022teaser-content--kicker\u0022\u003E\n                    K\u00e4lten-TV\n        \u003C\/div\u003E\n                                              \n                        \n        \u003Ch4 class=\u0022teaser-content--headline\u0022\u003E\n                                Familie, Meister, Beruf - Neues aus dem K\u00e4ltenKlub | \n                              \u003Cspan class=\u0022headline-last-word-arrow\u0022\u003EK\u00c4LTEN-TV                      \u003C\/span\u003E\n        \u003C\/h4\u003E\n            \u003Cdiv class=\u0022teaser-content--publishing-date\u0022\u003E\u003Ctime datetime=\u00222026-03-27T07:19:07Z\u0022\u003E27.03.2026\u003C\/time\u003E\n\u003C\/div\u003E\u003Cspan class=\u0022teaser-content--publishing-date-divider\u0022\u003E - \u003C\/span\u003E\u003Cdiv class=\u0022teaser-content--body\u0022\u003E\u003Cp\u003EFamilie, Meister und Beruf: Wie bringt man oder Frau das unter einen Hut?\u0026nbsp;\u003C\/p\u003E\n\u003C\/div\u003E\n                        \u003Cspan class=\u0022read-more-arrow-container\u0022\u003E\n            \u003Cspan class=\u0022read-more-angled-arrow\u0022\u003E \u003C\/span\u003E\n          \u003C\/span\u003E\n                  \u003C\/div\u003E\n    \u003C\/a\u003E\n\u003Ca href=\u0022\/aktuelles-aus-der-branche\/bundesinnungsverband-des-deutschen-kaelteanlagenbauerhandwerks-nachwuchs\u0022  class=\u0022teaser teaser--standard\u0022 aria-label=\u0022Nachwuchs f\u00fcr die K\u00e4ltetechnik\u0022\u003E\n      \u003Cdiv class=\u0022teaser-content--image\u0022\u003E\n        \u003Cfigure class=\u0022image--figure\u0022\u003E\n        \u003Cpicture\u003E\n                        \u003Csource srcset=\u0022\/sites\/default\/files\/styles\/teaser_standard__m\/public\/aurora\/2026\/03\/524681.png.webp?itok=rinItP-b 1x\u0022 media=\u0022(min-width: 48.0625em) and (max-width: 64em)\u0022 type=\u0022image\/webp\u0022 width=\u0022323\u0022 height=\u0022219\u0022\/\u003E\n                  \u003Csource srcset=\u0022\/sites\/default\/files\/styles\/teaser_standard__l\/public\/aurora\/2026\/03\/524681.png.webp?itok=an0TsqcG 1x\u0022 media=\u0022(min-width: 64.0625em)\u0022 type=\u0022image\/webp\u0022 width=\u0022203\u0022 height=\u0022137\u0022\/\u003E\n                  \u003Csource srcset=\u0022\/sites\/default\/files\/styles\/teaser_standard__m\/public\/aurora\/2026\/03\/524681.png?itok=ldXiTY66 1x\u0022 media=\u0022(min-width: 48.0625em) and (max-width: 64em)\u0022 type=\u0022image\/png\u0022 width=\u0022323\u0022 height=\u0022219\u0022\/\u003E\n                  \u003Csource srcset=\u0022\/sites\/default\/files\/styles\/teaser_standard__l\/public\/aurora\/2026\/03\/524681.png?itok=50zf5ij4 1x\u0022 media=\u0022(min-width: 64.0625em)\u0022 type=\u0022image\/png\u0022 width=\u0022203\u0022 height=\u0022137\u0022\/\u003E\n                          \u003Cimg loading=\u0022eager\u0022 data-caption-hide width=\u0022588\u0022 height=\u0022398\u0022 data-zoomed=\u0022https:\/\/www.diekaelte.de\/sites\/default\/files\/styles\/content__zoomed\/public\/aurora\/2026\/03\/524681.png?itok=_3ZUi4am\u0022 src=\u0022\/sites\/default\/files\/styles\/teaser_standard__s\/public\/aurora\/2026\/03\/524681.png?itok=Amxktk9p\u0022 title=\u0022Ein Mann spricht an einem Podium mit der Aufschrift \u0026quot;Neuberinhaus\u0026quot;, hinter ihm wird eine Gl\u00fcckwunschbotschaft projiziert. - \u00a9 BIV\u0022 \/\u003E\n\n    \u003C\/picture\u003E\n      \u003Cfigcaption class=\u0022image--figcaption\u0022\u003E\n          \u003Cdiv class=\u0022copyright\u0022\u003EBIV\u003C\/div\u003E\n          \u003C\/figcaption\u003E\n\u003C\/figure\u003E\n\n\n    \u003C\/div\u003E\n    \u003Cdiv class=\u0022teaser-content\u0022\u003E\n                    \u003Cdiv class=\u0022teaser-content--kicker\u0022\u003E\n                    Bundesinnungsverband des Deutschen K\u00e4lteanlagenbauerhandwerks\n        \u003C\/div\u003E\n                                              \n                        \n        \u003Ch4 class=\u0022teaser-content--headline\u0022\u003E\n                                Nachwuchs f\u00fcr die \n                              \u003Cspan class=\u0022headline-last-word-arrow\u0022\u003EK\u00e4ltetechnik                      \u003C\/span\u003E\n        \u003C\/h4\u003E\n            \u003Cdiv class=\u0022teaser-content--publishing-date\u0022\u003E\u003Ctime datetime=\u00222026-03-24T08:07:53Z\u0022\u003E24.03.2026\u003C\/time\u003E\n\u003C\/div\u003E\u003Cspan class=\u0022teaser-content--publishing-date-divider\u0022\u003E - \u003C\/span\u003E\u003Cdiv class=\u0022teaser-content--body\u0022\u003E\u003Cp\u003EDie S\u00e4chsische Innung der K\u00e4lte- und Klimatechnik hat am 20. M\u00e4rz 2026 ihre Gesellen freigesprochen. Die eigenst\u00e4ndige Freisprechungsfeier f\u00fcr Mechatroniker f\u00fcr K\u00e4ltetechnik fand im Neuberinhaus in Reichenbach statt.\u003C\/p\u003E\n\u003C\/div\u003E\n                        \u003Cspan class=\u0022read-more-arrow-container\u0022\u003E\n            \u003Cspan class=\u0022read-more-angled-arrow\u0022\u003E \u003C\/span\u003E\n          \u003C\/span\u003E\n                  \u003C\/div\u003E\n    \u003C\/a\u003E\n\u003Ca href=\u0022\/aktuelles-aus-der-branche\/lik-hessen-thueringen-baden-wuerttemberg-freisprechung-von-178\u0022  class=\u0022teaser teaser--standard\u0022 aria-label=\u0022Freisprechung von 178 Mechatronikern f\u00fcr K\u00e4ltetechnik\u0022\u003E\n      \u003Cdiv class=\u0022teaser-content--image\u0022\u003E\n        \u003Cfigure class=\u0022image--figure\u0022\u003E\n        \u003Cpicture\u003E\n                        \u003Csource srcset=\u0022\/sites\/default\/files\/styles\/teaser_standard__m\/public\/aurora\/2026\/03\/524674.jpeg.webp?itok=prjP3T0l 1x\u0022 media=\u0022(min-width: 48.0625em) and (max-width: 64em)\u0022 type=\u0022image\/webp\u0022 width=\u0022323\u0022 height=\u0022242\u0022\/\u003E\n                  \u003Csource srcset=\u0022\/sites\/default\/files\/styles\/teaser_standard__l\/public\/aurora\/2026\/03\/524674.jpeg.webp?itok=UGA9bTZD 1x\u0022 media=\u0022(min-width: 64.0625em)\u0022 type=\u0022image\/webp\u0022 width=\u0022203\u0022 height=\u0022152\u0022\/\u003E\n                  \u003Csource srcset=\u0022\/sites\/default\/files\/styles\/teaser_standard__m\/public\/aurora\/2026\/03\/524674.jpeg?itok=R98v6NqV 1x\u0022 media=\u0022(min-width: 48.0625em) and (max-width: 64em)\u0022 type=\u0022image\/jpeg\u0022 width=\u0022323\u0022 height=\u0022242\u0022\/\u003E\n                  \u003Csource srcset=\u0022\/sites\/default\/files\/styles\/teaser_standard__l\/public\/aurora\/2026\/03\/524674.jpeg?itok=g8kSIEOO 1x\u0022 media=\u0022(min-width: 64.0625em)\u0022 type=\u0022image\/jpeg\u0022 width=\u0022203\u0022 height=\u0022152\u0022\/\u003E\n                          \u003Cimg alt=\u0022Lossprechungsfeier Baden-W\u00fcrttemberg\u0022 loading=\u0022eager\u0022 data-caption-hide width=\u0022531\u0022 height=\u0022398\u0022 data-zoomed=\u0022https:\/\/www.diekaelte.de\/sites\/default\/files\/styles\/content__zoomed\/public\/aurora\/2026\/03\/524674.jpeg?itok=VbFRtnq_\u0022 src=\u0022\/sites\/default\/files\/styles\/teaser_standard__s\/public\/aurora\/2026\/03\/524674.jpeg?itok=A0H7hdsj\u0022 title=\u0022\u00a9 Landesinnung K\u00e4lte-Klima-Technik Hessen-Th\u00fcringen\/Baden-W\u00fcrttemberg\u0022 \/\u003E\n\n    \u003C\/picture\u003E\n      \u003Cfigcaption class=\u0022image--figcaption\u0022\u003E\n          \u003Cdiv class=\u0022copyright\u0022\u003ELandesinnung K\u00e4lte-Klima-Technik Hessen-Th\u00fcringen\/Baden-W\u00fcrttemberg\u003C\/div\u003E\n          \u003C\/figcaption\u003E\n\u003C\/figure\u003E\n\n\n    \u003C\/div\u003E\n    \u003Cdiv class=\u0022teaser-content\u0022\u003E\n                    \u003Cdiv class=\u0022teaser-content--kicker\u0022\u003E\n                    LIK Hessen-Th\u00fcringen\/Baden-W\u00fcrttemberg \n        \u003C\/div\u003E\n                                              \n                        \n        \u003Ch4 class=\u0022teaser-content--headline\u0022\u003E\n                                Freisprechung von 178 Mechatronikern f\u00fcr \n                              \u003Cspan class=\u0022headline-last-word-arrow\u0022\u003EK\u00e4ltetechnik                      \u003C\/span\u003E\n        \u003C\/h4\u003E\n            \u003Cdiv class=\u0022teaser-content--publishing-date\u0022\u003E\u003Ctime datetime=\u00222026-03-24T07:56:54Z\u0022\u003E24.03.2026\u003C\/time\u003E\n\u003C\/div\u003E\u003Cspan class=\u0022teaser-content--publishing-date-divider\u0022\u003E - \u003C\/span\u003E\u003Cdiv class=\u0022teaser-content--body\u0022\u003E\u003Cp\u003EDie Landesinnung K\u00e4lte-Klima-Technik Hessen-Th\u00fcringen\/Baden-W\u00fcrttemberg hat bei Feiern in den drei Bundesl\u00e4ndern insgesamt 178 Mechatronikern f\u00fcr K\u00e4ltetechnik die Gesellenbriefe \u00fcberreicht.\u003C\/p\u003E\n\u003C\/div\u003E\n                        \u003Cspan class=\u0022read-more-arrow-container\u0022\u003E\n            \u003Cspan class=\u0022read-more-angled-arrow\u0022\u003E \u003C\/span\u003E\n          \u003C\/span\u003E\n                  \u003C\/div\u003E\n    \u003C\/a\u003E\n\u003Ca href=\u0022\/veranstaltungen-termine\/karlsruher-kaeltetechnik-symposium-2026-fokus-auf-sichere-nutzung\u0022  class=\u0022teaser teaser--standard\u0022 aria-label=\u0022Fokus auf sichere Nutzung brennbarer K\u00e4ltemittel\u0022\u003E\n      \u003Cdiv class=\u0022teaser-content--image\u0022\u003E\n        \u003Cfigure class=\u0022image--figure\u0022\u003E\n        \u003Cpicture\u003E\n                        \u003Csource srcset=\u0022\/sites\/default\/files\/styles\/teaser_standard__m\/public\/aurora\/2026\/03\/524443.jpeg.webp?itok=sKiaJo7H 1x\u0022 media=\u0022(min-width: 48.0625em) and (max-width: 64em)\u0022 type=\u0022image\/webp\u0022 width=\u0022323\u0022 height=\u0022163\u0022\/\u003E\n                  \u003Csource srcset=\u0022\/sites\/default\/files\/styles\/teaser_standard__l\/public\/aurora\/2026\/03\/524443.jpeg.webp?itok=vPj7H67F 1x\u0022 media=\u0022(min-width: 64.0625em)\u0022 type=\u0022image\/webp\u0022 width=\u0022203\u0022 height=\u0022102\u0022\/\u003E\n                  \u003Csource srcset=\u0022\/sites\/default\/files\/styles\/teaser_standard__m\/public\/aurora\/2026\/03\/524443.jpeg?itok=tKeTRmQk 1x\u0022 media=\u0022(min-width: 48.0625em) and (max-width: 64em)\u0022 type=\u0022image\/jpeg\u0022 width=\u0022323\u0022 height=\u0022163\u0022\/\u003E\n                  \u003Csource srcset=\u0022\/sites\/default\/files\/styles\/teaser_standard__l\/public\/aurora\/2026\/03\/524443.jpeg?itok=iXaxygwx 1x\u0022 media=\u0022(min-width: 64.0625em)\u0022 type=\u0022image\/jpeg\u0022 width=\u0022203\u0022 height=\u0022102\u0022\/\u003E\n                          \u003Cimg loading=\u0022eager\u0022 data-caption-hide width=\u0022708\u0022 height=\u0022356\u0022 data-zoomed=\u0022https:\/\/www.diekaelte.de\/sites\/default\/files\/styles\/content__zoomed\/public\/aurora\/2026\/03\/524443.jpeg?itok=_vPck5F9\u0022 src=\u0022\/sites\/default\/files\/styles\/teaser_standard__s\/public\/aurora\/2026\/03\/524443.jpeg?itok=6pWjy2ab\u0022 title=\u0022Gro\u00dfe Gruppe von Seminarteilnehmern in einem hellen, modernen H\u00f6rsaal mit Pr\u00e4sentationsbildschirmen. - \u00a9 TWK\u0022 \/\u003E\n\n    \u003C\/picture\u003E\n      \u003Cfigcaption class=\u0022image--figcaption\u0022\u003E\n          \u003Cdiv class=\u0022copyright\u0022\u003ETWK\u003C\/div\u003E\n          \u003C\/figcaption\u003E\n\u003C\/figure\u003E\n\n\n    \u003C\/div\u003E\n    \u003Cdiv class=\u0022teaser-content\u0022\u003E\n                    \u003Cdiv class=\u0022teaser-content--kicker\u0022\u003E\n                    Karlsruher K\u00e4ltetechnik-Symposium 2026\n        \u003C\/div\u003E\n                                              \n                        \n        \u003Ch4 class=\u0022teaser-content--headline\u0022\u003E\n                                Fokus auf sichere Nutzung brennbarer \n                              \u003Cspan class=\u0022headline-last-word-arrow\u0022\u003EK\u00e4ltemittel                      \u003C\/span\u003E\n        \u003C\/h4\u003E\n            \u003Cdiv class=\u0022teaser-content--publishing-date\u0022\u003E\u003Ctime datetime=\u00222026-03-23T11:37:57Z\u0022\u003E23.03.2026\u003C\/time\u003E\n\u003C\/div\u003E\u003Cspan class=\u0022teaser-content--publishing-date-divider\u0022\u003E - \u003C\/span\u003E\u003Cdiv class=\u0022teaser-content--body\u0022\u003E\u003Cp\u003EAm 19. M\u00e4rz 2026 fand im GenoHotel Karlsruhe das Karlsruher K\u00e4ltetechnik-Symposium statt. Veranstalter ist das TWK \u2013 Test- und Weiterbildungszentrum W\u00e4rmepumpen und K\u00e4ltetechnik GmbH.\u003C\/p\u003E\n\u003C\/div\u003E\n                        \u003Cspan class=\u0022read-more-arrow-container\u0022\u003E\n            \u003Cspan class=\u0022read-more-angled-arrow\u0022\u003E \u003C\/span\u003E\n          \u003C\/span\u003E\n                  \u003C\/div\u003E\n    \u003C\/a\u003E\n\u003Ca href=\u0022\/people\/compact-kaeltetechnik-generationswechsel\u0022  class=\u0022teaser teaser--standard\u0022 aria-label=\u0022Generationswechsel\u0022\u003E\n      \u003Cdiv class=\u0022teaser-content--image\u0022\u003E\n        \u003Cfigure class=\u0022image--figure\u0022\u003E\n        \u003Cpicture\u003E\n                        \u003Csource srcset=\u0022\/sites\/default\/files\/styles\/teaser_standard__m\/public\/aurora\/2026\/03\/525380.jpeg.webp?itok=-HyTzTVM 1x\u0022 media=\u0022(min-width: 48.0625em) and (max-width: 64em)\u0022 type=\u0022image\/webp\u0022 width=\u0022323\u0022 height=\u0022216\u0022\/\u003E\n                  \u003Csource srcset=\u0022\/sites\/default\/files\/styles\/teaser_standard__l\/public\/aurora\/2026\/03\/525380.jpeg.webp?itok=DsbiCIRJ 1x\u0022 media=\u0022(min-width: 64.0625em)\u0022 type=\u0022image\/webp\u0022 width=\u0022203\u0022 height=\u0022136\u0022\/\u003E\n                  \u003Csource srcset=\u0022\/sites\/default\/files\/styles\/teaser_standard__m\/public\/aurora\/2026\/03\/525380.jpeg?itok=67S-OEbF 1x\u0022 media=\u0022(min-width: 48.0625em) and (max-width: 64em)\u0022 type=\u0022image\/jpeg\u0022 width=\u0022323\u0022 height=\u0022216\u0022\/\u003E\n                  \u003Csource srcset=\u0022\/sites\/default\/files\/styles\/teaser_standard__l\/public\/aurora\/2026\/03\/525380.jpeg?itok=sA2IUOsH 1x\u0022 media=\u0022(min-width: 64.0625em)\u0022 type=\u0022image\/jpeg\u0022 width=\u0022203\u0022 height=\u0022136\u0022\/\u003E\n                          \u003Cimg loading=\u0022eager\u0022 data-caption-hide width=\u0022595\u0022 height=\u0022398\u0022 data-zoomed=\u0022https:\/\/www.diekaelte.de\/sites\/default\/files\/styles\/content__zoomed\/public\/aurora\/2026\/03\/525380.jpeg?itok=scGVuhDS\u0022 src=\u0022\/sites\/default\/files\/styles\/teaser_standard__s\/public\/aurora\/2026\/03\/525380.jpeg?itok=tUh2ei_Y\u0022 title=\u0022Drei professionell gekleidete Personen posieren in einem modernen B\u00fcro in der N\u00e4he einer Treppe und eines gro\u00dfen Fensters. - \u00a9 compact K\u00e4ltetechnik \/ Marko Kubitz\u0022 \/\u003E\n\n    \u003C\/picture\u003E\n      \u003Cfigcaption class=\u0022image--figcaption\u0022\u003E\n          \u003Cdiv class=\u0022copyright\u0022\u003Ecompact K\u00e4ltetechnik \/ Marko Kubitz\u003C\/div\u003E\n          \u003C\/figcaption\u003E\n\u003C\/figure\u003E\n\n\n    \u003C\/div\u003E\n    \u003Cdiv class=\u0022teaser-content\u0022\u003E\n                    \u003Cdiv class=\u0022teaser-content--kicker\u0022\u003E\n                    compact K\u00e4ltetechnik\n        \u003C\/div\u003E\n                                              \n                        \n        \u003Ch4 class=\u0022teaser-content--headline\u0022\u003E\n                                        \u003Cspan class=\u0022headline-last-word-arrow\u0022\u003EGenerationswechsel                      \u003C\/span\u003E\n        \u003C\/h4\u003E\n            \u003Cdiv class=\u0022teaser-content--publishing-date\u0022\u003E\u003Ctime datetime=\u00222026-03-20T13:17:42Z\u0022\u003E20.03.2026\u003C\/time\u003E\n\u003C\/div\u003E\u003Cspan class=\u0022teaser-content--publishing-date-divider\u0022\u003E - \u003C\/span\u003E\u003Cdiv class=\u0022teaser-content--body\u0022\u003E\u003Cp\u003ENach 33 Jahren scheidet der Gesch\u00e4ftsf\u00fchrer und Gr\u00fcndungsgesellschafter Lutz Hering aus der operativen Leitung von compact K\u00e4ltetechnik aus. Er bleibt dem Unternehmen 2026 beratend erhalten. Die Gesch\u00e4ftsleitung wird von Annett Gregor, Robert Lauth und Peter Szalai fortgef\u00fchrt.\u003C\/p\u003E\n\u003C\/div\u003E\n                        \u003Cspan class=\u0022read-more-arrow-container\u0022\u003E\n            \u003Cspan class=\u0022read-more-angled-arrow\u0022\u003E \u003C\/span\u003E\n          \u003C\/span\u003E\n                  \u003C\/div\u003E\n    \u003C\/a\u003E\n\u003Ca href=\u0022\/aktuelles-aus-der-branche\/vdkf-vdkf-neuer-gesellschafter-der-tga-repraesentanz-berlin\u0022  class=\u0022teaser teaser--standard\u0022 aria-label=\u0022VDKF neuer Gesellschafter der TGA-Repr\u00e4sentanz Berlin\u0022\u003E\n      \u003Cdiv class=\u0022teaser-content--image\u0022\u003E\n        \u003Cfigure class=\u0022image--figure\u0022\u003E\n        \u003Cpicture\u003E\n                        \u003Csource srcset=\u0022\/sites\/default\/files\/styles\/teaser_standard__m\/public\/aurora\/2026\/03\/523600.jpeg.webp?itok=xFJYA1BL 1x\u0022 media=\u0022(min-width: 48.0625em) and (max-width: 64em)\u0022 type=\u0022image\/webp\u0022 width=\u0022323\u0022 height=\u0022157\u0022\/\u003E\n                  \u003Csource srcset=\u0022\/sites\/default\/files\/styles\/teaser_standard__l\/public\/aurora\/2026\/03\/523600.jpeg.webp?itok=N6WYPPQx 1x\u0022 media=\u0022(min-width: 64.0625em)\u0022 type=\u0022image\/webp\u0022 width=\u0022203\u0022 height=\u002299\u0022\/\u003E\n                  \u003Csource srcset=\u0022\/sites\/default\/files\/styles\/teaser_standard__m\/public\/aurora\/2026\/03\/523600.jpeg?itok=WtDznT1E 1x\u0022 media=\u0022(min-width: 48.0625em) and (max-width: 64em)\u0022 type=\u0022image\/jpeg\u0022 width=\u0022323\u0022 height=\u0022157\u0022\/\u003E\n                  \u003Csource srcset=\u0022\/sites\/default\/files\/styles\/teaser_standard__l\/public\/aurora\/2026\/03\/523600.jpeg?itok=03um0p-x 1x\u0022 media=\u0022(min-width: 64.0625em)\u0022 type=\u0022image\/jpeg\u0022 width=\u0022203\u0022 height=\u002299\u0022\/\u003E\n                          \u003Cimg loading=\u0022eager\u0022 data-caption-hide width=\u0022708\u0022 height=\u0022344\u0022 data-zoomed=\u0022https:\/\/www.diekaelte.de\/sites\/default\/files\/styles\/content__zoomed\/public\/aurora\/2026\/03\/523600.jpeg?itok=3_keIVmP\u0022 src=\u0022\/sites\/default\/files\/styles\/teaser_standard__s\/public\/aurora\/2026\/03\/523600.jpeg?itok=LLPjgX2W\u0022 title=\u0022Logo der TGA-Repr\u00e4sentanz Berlin mit f\u00fcnf Organisationslogos darunter: BTGA, FGK, RLT, VDKF und VDMA. - \u00a9 VDKF\u0022 \/\u003E\n\n    \u003C\/picture\u003E\n      \u003Cfigcaption class=\u0022image--figcaption\u0022\u003E\n          \u003Cdiv class=\u0022copyright\u0022\u003EVDKF\u003C\/div\u003E\n          \u003C\/figcaption\u003E\n\u003C\/figure\u003E\n\n\n    \u003C\/div\u003E\n    \u003Cdiv class=\u0022teaser-content\u0022\u003E\n                    \u003Cdiv class=\u0022teaser-content--kicker\u0022\u003E\n                    VDKF\n        \u003C\/div\u003E\n                                              \n                        \n        \u003Ch4 class=\u0022teaser-content--headline\u0022\u003E\n                                VDKF neuer Gesellschafter der TGA-Repr\u00e4sentanz \n                              \u003Cspan class=\u0022headline-last-word-arrow\u0022\u003EBerlin                      \u003C\/span\u003E\n        \u003C\/h4\u003E\n            \u003Cdiv class=\u0022teaser-content--publishing-date\u0022\u003E\u003Ctime datetime=\u00222026-03-20T05:39:30Z\u0022\u003E20.03.2026\u003C\/time\u003E\n\u003C\/div\u003E\u003Cspan class=\u0022teaser-content--publishing-date-divider\u0022\u003E - \u003C\/span\u003E\u003Cdiv class=\u0022teaser-content--body\u0022\u003E\u003Cp\u003EDie TGA-Repr\u00e4sentanz Berlin wird seit Anfang des Jahres von einem weiteren f\u00fchrenden Verband der Branche der Technischen Geb\u00e4udeausr\u00fcstung getragen: Der VDKF \u2013 Verband Deutscher K\u00e4lte-Klima-Fachbetriebe e. V. ist dem B\u00fcndnis als Gesellschafter beigetreten.\u003C\/p\u003E\n\u003C\/div\u003E\n                        \u003Cspan class=\u0022read-more-arrow-container\u0022\u003E\n            \u003Cspan class=\u0022read-more-angled-arrow\u0022\u003E \u003C\/span\u003E\n          \u003C\/span\u003E\n                  \u003C\/div\u003E\n    \u003C\/a\u003E\n","entity_type":"node","used_ids":["",258117,258113,258112,258104,257995,257772,256698,257634,257582,257374,257145,256933,256500,256475,256333,256331,256323,256256,256232],"show_more":"\u003Cdiv class=\u0022del-show-more\u0022\u003E\u003Ca href=\u0022\/ajax\/del\/c52b4c0a-876a-41eb-a0d1-b3576e547cc9\/paragraph\/20\/19\/asc\/eyJub2RlIjp7ImlkIjoiMTU2MDIiLCJ0eXBlIjoicGFnZSJ9fQ%3D%3D\u0022 title=\u0022Mehr Elemente anzeigen\u0022 class=\u0022del-show-more-link use-ajax\u0022 rel=\u0022nofollow\u0022 data-target-type=\u0022node\u0022 aria-controls=\u0022del--paragraph-567794--content\u0022 aria-label=\u0022Mehr Elemente anzeigen\u0022\u003EMehr anzeigen\u003C\/a\u003E\u003C\/div\u003E\n"}]