[{"command":"settings","settings":{"pluralDelimiter":"\u0003","suppressDeprecationErrors":true,"ajaxPageState":{"libraries":"eJxLzi9K1S_ITC4pLUpNy8zJ0UmpzEvMzUyOT80rySypjM_JLC7RL87IL4_PBaoEALH_EqY","theme":"ivory","theme_token":null},"ajaxTrustedUrl":[],"user":{"uid":0,"permissionsHash":"9c975576f1b96e43d31b3ff34c1ca6b53b6096ff14d83974ef00f2d68011e8fb"}},"merge":true},{"command":"add_css","data":[{"rel":"stylesheet","media":"all","href":"\/core\/themes\/stable9\/css\/core\/components\/progress.module.css?te7139"},{"rel":"stylesheet","media":"all","href":"\/core\/themes\/stable9\/css\/core\/components\/ajax-progress.module.css?te7139"},{"rel":"stylesheet","media":"all","href":"\/themes\/contrib\/gin\/dist\/css\/components\/ajax.css?te7139"}]},{"command":"add_js","selector":"body","data":[{"src":"\/core\/assets\/vendor\/jquery\/jquery.min.js?v=4.0.0"},{"src":"\/sites\/default\/files\/js\/js_Xu9-RUcUkmz9rej0V9CLnBurhzyWHDCbXIdEQUnTs84.js?scope=footer\u0026delta=1\u0026language=de-kk\u0026theme=ivory\u0026include=eJxLqcxLzM1Mjk_NK8ksqYzPySwu0S_OyC-Pz80vSgUAtBcL_w"}]},{"command":"showMoreTeasers","id":"del--paragraph-674106","content":"\u003Ca href=\u0022\/lueftungstechnik\/trox-planungshandbuch-fuer-dezentrale-lueftung\u0022  class=\u0022teaser teaser--standard\u0022 aria-label=\u0022Planungshandbuch f\u00fcr dezentrale L\u00fcftung\r\u0022\u003E\n      \u003Cdiv class=\u0022teaser-content--image\u0022\u003E\n        \u003Cfigure class=\u0022image--figure\u0022\u003E\n        \u003Cpicture\u003E\n                        \u003Csource srcset=\u0022\/sites\/default\/files\/styles\/teaser_standard__m\/public\/aurora\/2026\/03\/524965.jpeg.webp?itok=xrF-y__E 1x\u0022 media=\u0022(min-width: 48.0625em) and (max-width: 64em)\u0022 type=\u0022image\/webp\u0022 width=\u0022323\u0022 height=\u0022235\u0022\/\u003E\n                  \u003Csource srcset=\u0022\/sites\/default\/files\/styles\/teaser_standard__l\/public\/aurora\/2026\/03\/524965.jpeg.webp?itok=ztNoVdOE 1x\u0022 media=\u0022(min-width: 64.0625em)\u0022 type=\u0022image\/webp\u0022 width=\u0022203\u0022 height=\u0022148\u0022\/\u003E\n                  \u003Csource srcset=\u0022\/sites\/default\/files\/styles\/teaser_standard__m\/public\/aurora\/2026\/03\/524965.jpeg?itok=4qHuLzOG 1x\u0022 media=\u0022(min-width: 48.0625em) and (max-width: 64em)\u0022 type=\u0022image\/jpeg\u0022 width=\u0022323\u0022 height=\u0022235\u0022\/\u003E\n                  \u003Csource srcset=\u0022\/sites\/default\/files\/styles\/teaser_standard__l\/public\/aurora\/2026\/03\/524965.jpeg?itok=vhUKs8cY 1x\u0022 media=\u0022(min-width: 64.0625em)\u0022 type=\u0022image\/jpeg\u0022 width=\u0022203\u0022 height=\u0022148\u0022\/\u003E\n                          \u003Cimg loading=\u0022eager\u0022 data-caption-hide width=\u0022548\u0022 height=\u0022398\u0022 data-zoomed=\u0022https:\/\/www.diekaelte.de\/sites\/default\/files\/styles\/content__zoomed\/public\/aurora\/2026\/03\/524965.jpeg?itok=lfwQZ2-D\u0022 src=\u0022\/sites\/default\/files\/styles\/teaser_standard__s\/public\/aurora\/2026\/03\/524965.jpeg?itok=-IMhkBDj\u0022 title=\u0022Offenes Buch mit Vergleichstabellen, Diagrammen und Text in deutscher Sprache \u00fcber zentralisierte und dezentralisierte Systeme. - \u00a9 Bild: Trox\u0022 \/\u003E\n\n    \u003C\/picture\u003E\n      \u003Cfigcaption class=\u0022image--figcaption\u0022\u003E\n          \u003Cdiv class=\u0022copyright\u0022\u003EBild: Trox\u003C\/div\u003E\n          \u003C\/figcaption\u003E\n\u003C\/figure\u003E\n\n\n    \u003C\/div\u003E\n    \u003Cdiv class=\u0022teaser-content\u0022\u003E\n                    \u003Cdiv class=\u0022teaser-content--kicker\u0022\u003E\n                    Trox\n\n        \u003C\/div\u003E\n                                              \n                        \n        \u003Ch4 class=\u0022teaser-content--headline\u0022\u003E\n                                Planungshandbuch f\u00fcr dezentrale \n                              \u003Cspan class=\u0022headline-last-word-arrow\u0022\u003EL\u00fcftung              \u003Cspan\n                  class=\u0022permission-lock permission-lock-icon--lock\u0022\u003E\u003C\/span\u003E\n                                  \u003C\/span\u003E\n        \u003C\/h4\u003E\n            \u003Cdiv class=\u0022teaser-content--publishing-date\u0022\u003E\u003Ctime datetime=\u00222026-03-31T07:42:03Z\u0022\u003E31.03.2026\u003C\/time\u003E\n\u003C\/div\u003E\u003Cspan class=\u0022teaser-content--publishing-date-divider\u0022\u003E - \u003C\/span\u003E\u003Cdiv class=\u0022teaser-content--body\u0022\u003E  \u003Cp\u003ETrox hat ein Planungshandbuch f\u00fcr dezentrale L\u00fcftungsl\u00f6sungen ver\u00f6ffentlicht, das als Leitfaden f\u00fcr Fachplaner dient und technische Grundlagen, normative Einordnungen sowie Auslegungsparameter zusammenf\u00fchrt. Das Handbuch unterst\u00fctzt bei der Abw\u00e4gung zwischen dezentralen und zentralen Konzepten und...\u003C\/p\u003E\n\n\n\u003C\/div\u003E\n                        \u003Cspan class=\u0022read-more-arrow-container\u0022\u003E\n            \u003Cspan class=\u0022read-more-angled-arrow\u0022\u003E \u003C\/span\u003E\n          \u003C\/span\u003E\n                  \u003C\/div\u003E\n    \u003C\/a\u003E\n\u003Ca href=\u0022\/lueftungstechnik\/berlinerluft-geschweisster-luftkanal\u0022  class=\u0022teaser teaser--standard\u0022 aria-label=\u0022Geschwei\u00dfter Luftkanal\r\u0022\u003E\n      \u003Cdiv class=\u0022teaser-content--image\u0022\u003E\n        \u003Cfigure class=\u0022image--figure\u0022\u003E\n        \u003Cpicture\u003E\n                        \u003Csource srcset=\u0022\/sites\/default\/files\/styles\/teaser_standard__m\/public\/aurora\/2026\/03\/524963.jpeg.webp?itok=tcp3KwOQ 1x\u0022 media=\u0022(min-width: 48.0625em) and (max-width: 64em)\u0022 type=\u0022image\/webp\u0022 width=\u0022323\u0022 height=\u0022217\u0022\/\u003E\n                  \u003Csource srcset=\u0022\/sites\/default\/files\/styles\/teaser_standard__l\/public\/aurora\/2026\/03\/524963.jpeg.webp?itok=FpoDVW6T 1x\u0022 media=\u0022(min-width: 64.0625em)\u0022 type=\u0022image\/webp\u0022 width=\u0022203\u0022 height=\u0022136\u0022\/\u003E\n                  \u003Csource srcset=\u0022\/sites\/default\/files\/styles\/teaser_standard__m\/public\/aurora\/2026\/03\/524963.jpeg?itok=I1jtEiGc 1x\u0022 media=\u0022(min-width: 48.0625em) and (max-width: 64em)\u0022 type=\u0022image\/jpeg\u0022 width=\u0022323\u0022 height=\u0022217\u0022\/\u003E\n                  \u003Csource srcset=\u0022\/sites\/default\/files\/styles\/teaser_standard__l\/public\/aurora\/2026\/03\/524963.jpeg?itok=Og3EvxbA 1x\u0022 media=\u0022(min-width: 64.0625em)\u0022 type=\u0022image\/jpeg\u0022 width=\u0022203\u0022 height=\u0022136\u0022\/\u003E\n                          \u003Cimg loading=\u0022eager\u0022 data-caption-hide width=\u0022593\u0022 height=\u0022398\u0022 data-zoomed=\u0022https:\/\/www.diekaelte.de\/sites\/default\/files\/styles\/content__zoomed\/public\/aurora\/2026\/03\/524963.jpeg?itok=mvtySeDv\u0022 src=\u0022\/sites\/default\/files\/styles\/teaser_standard__s\/public\/aurora\/2026\/03\/524963.jpeg?itok=TBkIZ0Sp\u0022 title=\u0022Vier gl\u00e4nzende Metallteile von HVAC-Kan\u00e4len in verschiedenen rechteckigen Formen, angeordnet auf wei\u00dfem Hintergrund. - \u00a9 Bild: BerlinerLuft.\u0022 \/\u003E\n\n    \u003C\/picture\u003E\n      \u003Cfigcaption class=\u0022image--figcaption\u0022\u003E\n          \u003Cdiv class=\u0022copyright\u0022\u003EBild: BerlinerLuft.\u003C\/div\u003E\n          \u003C\/figcaption\u003E\n\u003C\/figure\u003E\n\n\n    \u003C\/div\u003E\n    \u003Cdiv class=\u0022teaser-content\u0022\u003E\n                    \u003Cdiv class=\u0022teaser-content--kicker\u0022\u003E\n                    BerlinerLuft.\n\n        \u003C\/div\u003E\n                                              \n                        \n        \u003Ch4 class=\u0022teaser-content--headline\u0022\u003E\n                                Geschwei\u00dfter \n                              \u003Cspan class=\u0022headline-last-word-arrow\u0022\u003ELuftkanal              \u003Cspan\n                  class=\u0022permission-lock permission-lock-icon--lock\u0022\u003E\u003C\/span\u003E\n                                  \u003C\/span\u003E\n        \u003C\/h4\u003E\n            \u003Cdiv class=\u0022teaser-content--publishing-date\u0022\u003E\u003Ctime datetime=\u00222026-03-31T07:42:01Z\u0022\u003E31.03.2026\u003C\/time\u003E\n\u003C\/div\u003E\u003Cspan class=\u0022teaser-content--publishing-date-divider\u0022\u003E - \u003C\/span\u003E\u003Cdiv class=\u0022teaser-content--body\u0022\u003E  \u003Cp\u003EBerlinerLuft. Technik bietet einen geschwei\u00dften Luftkanal f\u00fcr den Einsatz in hygienisch sensiblen Bereichen wie Reinr\u00e4umen, Laboren und Krankenh\u00e4usern an. Der Kanal ist nach VDI\u20096022 und DIN\u20091946-4 zertifiziert. Er besteht aus verzinktem Stahl und ist allseitig verschwei\u00dft. Im Inneren ist er mit...\u003C\/p\u003E\n\n\n\u003C\/div\u003E\n                        \u003Cspan class=\u0022read-more-arrow-container\u0022\u003E\n            \u003Cspan class=\u0022read-more-angled-arrow\u0022\u003E \u003C\/span\u003E\n          \u003C\/span\u003E\n                  \u003C\/div\u003E\n    \u003C\/a\u003E\n\u003Ca href=\u0022\/lueftungstechnik\/wolf-geraete-mit-rotationswaermetauscher\u0022  class=\u0022teaser teaser--standard\u0022 aria-label=\u0022Ger\u00e4te mit Rotationsw\u00e4rmetauscher\r\u0022\u003E\n      \u003Cdiv class=\u0022teaser-content--image\u0022\u003E\n        \u003Cfigure class=\u0022image--figure\u0022\u003E\n        \u003Cpicture\u003E\n                        \u003Csource srcset=\u0022\/sites\/default\/files\/styles\/teaser_standard__m\/public\/aurora\/2026\/03\/524967.jpeg.webp?itok=dB159Lld 1x\u0022 media=\u0022(min-width: 48.0625em) and (max-width: 64em)\u0022 type=\u0022image\/webp\u0022 width=\u0022228\u0022 height=\u0022242\u0022\/\u003E\n                  \u003Csource srcset=\u0022\/sites\/default\/files\/styles\/teaser_standard__l\/public\/aurora\/2026\/03\/524967.jpeg.webp?itok=Uo2MRsTS 1x\u0022 media=\u0022(min-width: 64.0625em)\u0022 type=\u0022image\/webp\u0022 width=\u0022143\u0022 height=\u0022152\u0022\/\u003E\n                  \u003Csource srcset=\u0022\/sites\/default\/files\/styles\/teaser_standard__m\/public\/aurora\/2026\/03\/524967.jpeg?itok=ByUxLKvZ 1x\u0022 media=\u0022(min-width: 48.0625em) and (max-width: 64em)\u0022 type=\u0022image\/jpeg\u0022 width=\u0022228\u0022 height=\u0022242\u0022\/\u003E\n                  \u003Csource srcset=\u0022\/sites\/default\/files\/styles\/teaser_standard__l\/public\/aurora\/2026\/03\/524967.jpeg?itok=yzCwRR6B 1x\u0022 media=\u0022(min-width: 64.0625em)\u0022 type=\u0022image\/jpeg\u0022 width=\u0022143\u0022 height=\u0022152\u0022\/\u003E\n                          \u003Cimg loading=\u0022eager\u0022 data-caption-hide width=\u0022376\u0022 height=\u0022398\u0022 data-zoomed=\u0022https:\/\/www.diekaelte.de\/sites\/default\/files\/styles\/content__zoomed\/public\/aurora\/2026\/03\/524967.jpeg?itok=LfWdiJzr\u0022 src=\u0022\/sites\/default\/files\/styles\/teaser_standard__s\/public\/aurora\/2026\/03\/524967.jpeg?itok=F52BNJWA\u0022 title=\u0022Ein gro\u00dfes, graues Industriegeh\u00e4use aus Metall mit schwarzen Scharnieren und Verschl\u00fcssen auf wei\u00dfem Hintergrund. - \u00a9 Bild: Wolf\u0022 \/\u003E\n\n    \u003C\/picture\u003E\n      \u003Cfigcaption class=\u0022image--figcaption\u0022\u003E\n          \u003Cdiv class=\u0022copyright\u0022\u003EBild: Wolf\u003C\/div\u003E\n          \u003C\/figcaption\u003E\n\u003C\/figure\u003E\n\n\n    \u003C\/div\u003E\n    \u003Cdiv class=\u0022teaser-content\u0022\u003E\n                    \u003Cdiv class=\u0022teaser-content--kicker\u0022\u003E\n                    Wolf\n\n        \u003C\/div\u003E\n                                              \n                        \n        \u003Ch4 class=\u0022teaser-content--headline\u0022\u003E\n                                Ger\u00e4te mit \n                              \u003Cspan class=\u0022headline-last-word-arrow\u0022\u003ERotationsw\u00e4rmetauscher              \u003Cspan\n                  class=\u0022permission-lock permission-lock-icon--lock\u0022\u003E\u003C\/span\u003E\n                                  \u003C\/span\u003E\n        \u003C\/h4\u003E\n            \u003Cdiv class=\u0022teaser-content--publishing-date\u0022\u003E\u003Ctime datetime=\u00222026-03-31T07:41:57Z\u0022\u003E31.03.2026\u003C\/time\u003E\n\u003C\/div\u003E\u003Cspan class=\u0022teaser-content--publishing-date-divider\u0022\u003E - \u003C\/span\u003E\u003Cdiv class=\u0022teaser-content--body\u0022\u003E  \u003Cp\u003EWolf bietet mit der Serie CRL evo zentrale L\u00fcftungsger\u00e4te f\u00fcr Luftleistungen von 1300 bis 4900 m\u00b3\/h an. Die anschlussfertigen Plug-and-Play-Ger\u00e4te sind f\u00fcr Neubau und Sanierung konzipiert und optional in einer wetterfesten Ausf\u00fchrung f\u00fcr die Au\u00dfenaufstellung erh\u00e4ltlich. Ab einer Luftleistung von...\u003C\/p\u003E\n\n\n\u003C\/div\u003E\n                        \u003Cspan class=\u0022read-more-arrow-container\u0022\u003E\n            \u003Cspan class=\u0022read-more-angled-arrow\u0022\u003E \u003C\/span\u003E\n          \u003C\/span\u003E\n                  \u003C\/div\u003E\n    \u003C\/a\u003E\n\u003Ca href=\u0022\/lueftungstechnik\/ebm-papst-komponenten-fuer-die-kaelte-und-klimatechnik\u0022  class=\u0022teaser teaser--standard\u0022 aria-label=\u0022Komponenten f\u00fcr die K\u00e4lte- und Klimatechnik\r\u0022\u003E\n      \u003Cdiv class=\u0022teaser-content--image\u0022\u003E\n        \u003Cfigure class=\u0022image--figure\u0022\u003E\n        \u003Cpicture\u003E\n                        \u003Csource srcset=\u0022\/sites\/default\/files\/styles\/teaser_standard__m\/public\/aurora\/2026\/02\/509989.jpeg.webp?itok=Mfv06Cp8 1x\u0022 media=\u0022(min-width: 48.0625em) and (max-width: 64em)\u0022 type=\u0022image\/webp\u0022 width=\u0022257\u0022 height=\u0022242\u0022\/\u003E\n                  \u003Csource srcset=\u0022\/sites\/default\/files\/styles\/teaser_standard__l\/public\/aurora\/2026\/02\/509989.jpeg.webp?itok=TFOnZNPW 1x\u0022 media=\u0022(min-width: 64.0625em)\u0022 type=\u0022image\/webp\u0022 width=\u0022161\u0022 height=\u0022152\u0022\/\u003E\n                  \u003Csource srcset=\u0022\/sites\/default\/files\/styles\/teaser_standard__m\/public\/aurora\/2026\/02\/509989.jpeg?itok=kZt8xuOU 1x\u0022 media=\u0022(min-width: 48.0625em) and (max-width: 64em)\u0022 type=\u0022image\/jpeg\u0022 width=\u0022257\u0022 height=\u0022242\u0022\/\u003E\n                  \u003Csource srcset=\u0022\/sites\/default\/files\/styles\/teaser_standard__l\/public\/aurora\/2026\/02\/509989.jpeg?itok=TI0NaxXX 1x\u0022 media=\u0022(min-width: 64.0625em)\u0022 type=\u0022image\/jpeg\u0022 width=\u0022161\u0022 height=\u0022152\u0022\/\u003E\n                          \u003Cimg loading=\u0022eager\u0022 data-caption-hide width=\u0022422\u0022 height=\u0022398\u0022 data-zoomed=\u0022https:\/\/www.diekaelte.de\/sites\/default\/files\/styles\/content__zoomed\/public\/aurora\/2026\/02\/509989.jpeg?itok=BrGMlCh9\u0022 src=\u0022\/sites\/default\/files\/styles\/teaser_standard__s\/public\/aurora\/2026\/02\/509989.jpeg?itok=KVAd-j7_\u0022 title=\u0022Zwei schwarze Elektromotor-Ventilatoren, einer mit Schaufeln und der andere mit dem Motormechanismus, auf wei\u00dfem Hintergrund. - \u00a9 Bild: ebm-papst\u0022 \/\u003E\n\n    \u003C\/picture\u003E\n      \u003Cfigcaption class=\u0022image--figcaption\u0022\u003E\n          \u003Cdiv class=\u0022copyright\u0022\u003EBild: ebm-papst\u003C\/div\u003E\n          \u003C\/figcaption\u003E\n\u003C\/figure\u003E\n\n\n    \u003C\/div\u003E\n    \u003Cdiv class=\u0022teaser-content\u0022\u003E\n                    \u003Cdiv class=\u0022teaser-content--kicker\u0022\u003E\n                    ebm-papst\n\n        \u003C\/div\u003E\n                                              \n                        \n        \u003Ch4 class=\u0022teaser-content--headline\u0022\u003E\n                                Komponenten f\u00fcr die K\u00e4lte- und \n                              \u003Cspan class=\u0022headline-last-word-arrow\u0022\u003EKlimatechnik              \u003Cspan\n                  class=\u0022permission-lock permission-lock-icon--lock\u0022\u003E\u003C\/span\u003E\n                                  \u003C\/span\u003E\n        \u003C\/h4\u003E\n            \u003Cdiv class=\u0022teaser-content--publishing-date\u0022\u003E\u003Ctime datetime=\u00222026-02-03T13:14:50Z\u0022\u003E03.02.2026\u003C\/time\u003E\n\u003C\/div\u003E\u003Cspan class=\u0022teaser-content--publishing-date-divider\u0022\u003E - \u003C\/span\u003E\u003Cdiv class=\u0022teaser-content--body\u0022\u003E  \u003Cp\u003EEbm-papst stellt auf der EuroShop 2026 in D\u00fcsseldorf Komponenten f\u00fcr die K\u00fchl- und K\u00e4ltetechnik vor. Im Fokus steht der iQx EC-Motor, der f\u00fcr Supermarktanwendungen konzipiert ist und durch mechanische Kompatibilit\u00e4t den 1:1-Austausch bestehender Motoren erm\u00f6glicht. Er erreicht Wirkungsgrade bis 68\u2009%...\u003C\/p\u003E\n\n\n\u003C\/div\u003E\n                        \u003Cspan class=\u0022read-more-arrow-container\u0022\u003E\n            \u003Cspan class=\u0022read-more-angled-arrow\u0022\u003E \u003C\/span\u003E\n          \u003C\/span\u003E\n                  \u003C\/div\u003E\n    \u003C\/a\u003E\n\u003Ca href=\u0022\/lueftungstechnik\/swegon-lueftungsgeraete-mit-rotationswaermetauscher\u0022  class=\u0022teaser teaser--standard\u0022 aria-label=\u0022L\u00fcftungsger\u00e4te mit Rotationsw\u00e4rmetauscher\r\u0022\u003E\n      \u003Cdiv class=\u0022teaser-content--image\u0022\u003E\n        \u003Cfigure class=\u0022image--figure\u0022\u003E\n        \u003Cpicture\u003E\n                        \u003Csource srcset=\u0022\/sites\/default\/files\/styles\/teaser_standard__m\/public\/aurora\/2026\/02\/509991.jpeg.webp?itok=p2jUQFfD 1x\u0022 media=\u0022(min-width: 48.0625em) and (max-width: 64em)\u0022 type=\u0022image\/webp\u0022 width=\u0022271\u0022 height=\u0022242\u0022\/\u003E\n                  \u003Csource srcset=\u0022\/sites\/default\/files\/styles\/teaser_standard__l\/public\/aurora\/2026\/02\/509991.jpeg.webp?itok=jmLiCijX 1x\u0022 media=\u0022(min-width: 64.0625em)\u0022 type=\u0022image\/webp\u0022 width=\u0022170\u0022 height=\u0022152\u0022\/\u003E\n                  \u003Csource srcset=\u0022\/sites\/default\/files\/styles\/teaser_standard__m\/public\/aurora\/2026\/02\/509991.jpeg?itok=JWYDKLtp 1x\u0022 media=\u0022(min-width: 48.0625em) and (max-width: 64em)\u0022 type=\u0022image\/jpeg\u0022 width=\u0022271\u0022 height=\u0022242\u0022\/\u003E\n                  \u003Csource srcset=\u0022\/sites\/default\/files\/styles\/teaser_standard__l\/public\/aurora\/2026\/02\/509991.jpeg?itok=0fs7SX_5 1x\u0022 media=\u0022(min-width: 64.0625em)\u0022 type=\u0022image\/jpeg\u0022 width=\u0022170\u0022 height=\u0022152\u0022\/\u003E\n                          \u003Cimg loading=\u0022eager\u0022 data-caption-hide width=\u0022446\u0022 height=\u0022398\u0022 data-zoomed=\u0022https:\/\/www.diekaelte.de\/sites\/default\/files\/styles\/content__zoomed\/public\/aurora\/2026\/02\/509991.jpeg?itok=xXLzZT--\u0022 src=\u0022\/sites\/default\/files\/styles\/teaser_standard__s\/public\/aurora\/2026\/02\/509991.jpeg?itok=FDHDLm4P\u0022 title=\u0022Gro\u00dfes industrielles HLK-Ger\u00e4t mit Metallpaneelen, Entl\u00fcftungs\u00f6ffnungen und Bedienfeld, versehen mit dem Swegon-Logo. - \u00a9 Bild: Swegon\u0022 \/\u003E\n\n    \u003C\/picture\u003E\n      \u003Cfigcaption class=\u0022image--figcaption\u0022\u003E\n          \u003Cdiv class=\u0022copyright\u0022\u003EBild: Swegon\u003C\/div\u003E\n          \u003C\/figcaption\u003E\n\u003C\/figure\u003E\n\n\n    \u003C\/div\u003E\n    \u003Cdiv class=\u0022teaser-content\u0022\u003E\n                    \u003Cdiv class=\u0022teaser-content--kicker\u0022\u003E\n                    Swegon\n\n        \u003C\/div\u003E\n                                              \n                        \n        \u003Ch4 class=\u0022teaser-content--headline\u0022\u003E\n                                L\u00fcftungsger\u00e4te mit \n                              \u003Cspan class=\u0022headline-last-word-arrow\u0022\u003ERotationsw\u00e4rmetauscher              \u003Cspan\n                  class=\u0022permission-lock permission-lock-icon--lock\u0022\u003E\u003C\/span\u003E\n                                  \u003C\/span\u003E\n        \u003C\/h4\u003E\n            \u003Cdiv class=\u0022teaser-content--publishing-date\u0022\u003E\u003Ctime datetime=\u00222026-02-03T13:14:50Z\u0022\u003E03.02.2026\u003C\/time\u003E\n\u003C\/div\u003E\u003Cspan class=\u0022teaser-content--publishing-date-divider\u0022\u003E - \u003C\/span\u003E\u003Cdiv class=\u0022teaser-content--body\u0022\u003E  \u003Cp\u003ESwegon erweitert die Serie der Kompaktl\u00fcftungsger\u00e4te GOLD RX um die Baugr\u00f6\u00dfen 070+ und 080+. Die Ger\u00e4te sind mit Rotationsw\u00e4rmetauschern, Ventilatoren und Filtern ausgestattet. Der RECOnomic-Rotor zur W\u00e4rme- und K\u00e4lter\u00fcckgewinnung ist in normaler oder epoxidbeschichteter Ausf\u00fchrung verf\u00fcgbar...\u003C\/p\u003E\n\n\n\u003C\/div\u003E\n                        \u003Cspan class=\u0022read-more-arrow-container\u0022\u003E\n            \u003Cspan class=\u0022read-more-angled-arrow\u0022\u003E \u003C\/span\u003E\n          \u003C\/span\u003E\n                  \u003C\/div\u003E\n    \u003C\/a\u003E\n\u003Ca href=\u0022\/lueftungstechnik\/zehnder-lueftungsrohr-comfotube\u0022  class=\u0022teaser teaser--standard\u0022 aria-label=\u0022L\u00fcftungsrohr ComfoTube\r\u0022\u003E\n      \u003Cdiv class=\u0022teaser-content--image\u0022\u003E\n        \u003Cfigure class=\u0022image--figure\u0022\u003E\n        \u003Cpicture\u003E\n                        \u003Csource srcset=\u0022\/sites\/default\/files\/styles\/teaser_standard__m\/public\/aurora\/2026\/02\/509993.jpeg.webp?itok=TKj_pypK 1x\u0022 media=\u0022(min-width: 48.0625em) and (max-width: 64em)\u0022 type=\u0022image\/webp\u0022 width=\u0022226\u0022 height=\u0022242\u0022\/\u003E\n                  \u003Csource srcset=\u0022\/sites\/default\/files\/styles\/teaser_standard__l\/public\/aurora\/2026\/02\/509993.jpeg.webp?itok=kslvo6ny 1x\u0022 media=\u0022(min-width: 64.0625em)\u0022 type=\u0022image\/webp\u0022 width=\u0022142\u0022 height=\u0022152\u0022\/\u003E\n                  \u003Csource srcset=\u0022\/sites\/default\/files\/styles\/teaser_standard__m\/public\/aurora\/2026\/02\/509993.jpeg?itok=o9965rI- 1x\u0022 media=\u0022(min-width: 48.0625em) and (max-width: 64em)\u0022 type=\u0022image\/jpeg\u0022 width=\u0022226\u0022 height=\u0022242\u0022\/\u003E\n                  \u003Csource srcset=\u0022\/sites\/default\/files\/styles\/teaser_standard__l\/public\/aurora\/2026\/02\/509993.jpeg?itok=0l_Hj_VI 1x\u0022 media=\u0022(min-width: 64.0625em)\u0022 type=\u0022image\/jpeg\u0022 width=\u0022142\u0022 height=\u0022152\u0022\/\u003E\n                          \u003Cimg loading=\u0022eager\u0022 data-caption-hide width=\u0022372\u0022 height=\u0022398\u0022 data-zoomed=\u0022https:\/\/www.diekaelte.de\/sites\/default\/files\/styles\/content__zoomed\/public\/aurora\/2026\/02\/509993.jpeg?itok=0QHNEjCy\u0022 src=\u0022\/sites\/default\/files\/styles\/teaser_standard__s\/public\/aurora\/2026\/02\/509993.jpeg?itok=rL42GjU_\u0022 title=\u0022Person mit schwarzem Hemd, die einen biegsamen wei\u00dfen Schlauch in der Hand h\u00e4lt, der an einer runden grauen Kunststoffarmatur befestigt ist. - \u00a9 Bild: Zehnder\u0022 \/\u003E\n\n    \u003C\/picture\u003E\n      \u003Cfigcaption class=\u0022image--figcaption\u0022\u003E\n          \u003Cdiv class=\u0022copyright\u0022\u003EBild: Zehnder\u003C\/div\u003E\n          \u003C\/figcaption\u003E\n\u003C\/figure\u003E\n\n\n    \u003C\/div\u003E\n    \u003Cdiv class=\u0022teaser-content\u0022\u003E\n                    \u003Cdiv class=\u0022teaser-content--kicker\u0022\u003E\n                    Zehnder\n\n        \u003C\/div\u003E\n                                              \n                        \n        \u003Ch4 class=\u0022teaser-content--headline\u0022\u003E\n                                L\u00fcftungsrohr \n                              \u003Cspan class=\u0022headline-last-word-arrow\u0022\u003EComfoTube              \u003Cspan\n                  class=\u0022permission-lock permission-lock-icon--lock\u0022\u003E\u003C\/span\u003E\n                                  \u003C\/span\u003E\n        \u003C\/h4\u003E\n            \u003Cdiv class=\u0022teaser-content--publishing-date\u0022\u003E\u003Ctime datetime=\u00222026-02-03T13:14:48Z\u0022\u003E03.02.2026\u003C\/time\u003E\n\u003C\/div\u003E\u003Cspan class=\u0022teaser-content--publishing-date-divider\u0022\u003E - \u003C\/span\u003E\u003Cdiv class=\u0022teaser-content--body\u0022\u003E  \u003Cp\u003EMit dem L\u00fcftungsrohr ComfoTube Flow stellt Zehnder eine L\u00f6sung f\u00fcr die str\u00f6mungsoptimierte Zu- und Abluftf\u00fchrung in Komfort-L\u00fcftungssystemen vor. Durch eine \u00fcberarbeitete Rohrgeometrie wurde der Innendurchmesser bei gleichbleibendem Au\u00dfendurchmesser vergr\u00f6\u00dfert. Zusammen mit der weiter gegl\u00e4tteten...\u003C\/p\u003E\n\n\n\u003C\/div\u003E\n                        \u003Cspan class=\u0022read-more-arrow-container\u0022\u003E\n            \u003Cspan class=\u0022read-more-angled-arrow\u0022\u003E \u003C\/span\u003E\n          \u003C\/span\u003E\n                  \u003C\/div\u003E\n    \u003C\/a\u003E\n\u003Ca href=\u0022\/lueftungstechnik\/blue-air-nachruestmodul-fuer-granulattrockner\u0022  class=\u0022teaser teaser--standard\u0022 aria-label=\u0022Nachr\u00fcstmodul f\u00fcr Granulattrockner\r\u0022\u003E\n      \u003Cdiv class=\u0022teaser-content--image\u0022\u003E\n        \u003Cfigure class=\u0022image--figure\u0022\u003E\n        \u003Cpicture\u003E\n                        \u003Csource srcset=\u0022\/sites\/default\/files\/styles\/teaser_standard__m\/public\/aurora\/2025\/11\/489846.jpeg.webp?itok=ged8KBBo 1x\u0022 media=\u0022(min-width: 48.0625em) and (max-width: 64em)\u0022 type=\u0022image\/webp\u0022 width=\u0022323\u0022 height=\u0022212\u0022\/\u003E\n                  \u003Csource srcset=\u0022\/sites\/default\/files\/styles\/teaser_standard__l\/public\/aurora\/2025\/11\/489846.jpeg.webp?itok=oXUhYGz7 1x\u0022 media=\u0022(min-width: 64.0625em)\u0022 type=\u0022image\/webp\u0022 width=\u0022203\u0022 height=\u0022133\u0022\/\u003E\n                  \u003Csource srcset=\u0022\/sites\/default\/files\/styles\/teaser_standard__m\/public\/aurora\/2025\/11\/489846.jpeg?itok=lkajK4OQ 1x\u0022 media=\u0022(min-width: 48.0625em) and (max-width: 64em)\u0022 type=\u0022image\/jpeg\u0022 width=\u0022323\u0022 height=\u0022212\u0022\/\u003E\n                  \u003Csource srcset=\u0022\/sites\/default\/files\/styles\/teaser_standard__l\/public\/aurora\/2025\/11\/489846.jpeg?itok=pXv9RGQX 1x\u0022 media=\u0022(min-width: 64.0625em)\u0022 type=\u0022image\/jpeg\u0022 width=\u0022203\u0022 height=\u0022133\u0022\/\u003E\n                          \u003Cimg loading=\u0022eager\u0022 data-caption-hide width=\u0022608\u0022 height=\u0022398\u0022 data-zoomed=\u0022https:\/\/www.diekaelte.de\/sites\/default\/files\/styles\/content__zoomed\/public\/aurora\/2025\/11\/489846.jpeg?itok=j4xthQ2H\u0022 src=\u0022\/sites\/default\/files\/styles\/teaser_standard__s\/public\/aurora\/2025\/11\/489846.jpeg?itok=0SI3PEXe\u0022 title=\u0022Eine hohe Industriemaschine mit blauen Rohren, die mit einer blau-wei\u00dfen Steuereinheit auf hellblauem Hintergrund verbunden sind. - \u00a9 Bild: Blue Air\u0022 \/\u003E\n\n    \u003C\/picture\u003E\n      \u003Cfigcaption class=\u0022image--figcaption\u0022\u003E\n          \u003Cdiv class=\u0022copyright\u0022\u003EBild: Blue Air\u003C\/div\u003E\n          \u003C\/figcaption\u003E\n\u003C\/figure\u003E\n\n\n    \u003C\/div\u003E\n    \u003Cdiv class=\u0022teaser-content\u0022\u003E\n                    \u003Cdiv class=\u0022teaser-content--kicker\u0022\u003E\n                    Blue Air\n\n        \u003C\/div\u003E\n                                              \n                        \n        \u003Ch4 class=\u0022teaser-content--headline\u0022\u003E\n                                Nachr\u00fcstmodul f\u00fcr \n                              \u003Cspan class=\u0022headline-last-word-arrow\u0022\u003EGranulattrockner              \u003Cspan\n                  class=\u0022permission-lock permission-lock-icon--lock\u0022\u003E\u003C\/span\u003E\n                                  \u003C\/span\u003E\n        \u003C\/h4\u003E\n            \u003Cdiv class=\u0022teaser-content--publishing-date\u0022\u003E\u003Ctime datetime=\u00222025-11-04T10:17:04Z\u0022\u003E04.11.2025\u003C\/time\u003E\n\u003C\/div\u003E\u003Cspan class=\u0022teaser-content--publishing-date-divider\u0022\u003E - \u003C\/span\u003E\u003Cdiv class=\u0022teaser-content--body\u0022\u003E  \u003Cp\u003EBlue Air Systems hat das Modul BBX zur energieeffizienten Umr\u00fcstung von Granulattrocknern entwickelt. Es ersetzt die Trocknungseinheit konventioneller Systeme, w\u00e4hrend die vorhandenen Granulat-Beh\u00e4lter weiterverwendet werden k\u00f6nnen. Die Technologie basiert auf trockener Prozessluft anstelle von...\u003C\/p\u003E\n\n\n\u003C\/div\u003E\n                        \u003Cspan class=\u0022read-more-arrow-container\u0022\u003E\n            \u003Cspan class=\u0022read-more-angled-arrow\u0022\u003E \u003C\/span\u003E\n          \u003C\/span\u003E\n                  \u003C\/div\u003E\n    \u003C\/a\u003E\n\u003Ca href=\u0022\/lueftungstechnik\/berlinerluft-schlagregensichere-lamellenhaube\u0022  class=\u0022teaser teaser--standard\u0022 aria-label=\u0022Schlagregensichere Lamellenhaube\r\u0022\u003E\n      \u003Cdiv class=\u0022teaser-content--image\u0022\u003E\n        \u003Cfigure class=\u0022image--figure\u0022\u003E\n        \u003Cpicture\u003E\n                        \u003Csource srcset=\u0022\/sites\/default\/files\/styles\/teaser_standard__m\/public\/aurora\/2025\/11\/489848.jpeg.webp?itok=fa165_Ey 1x\u0022 media=\u0022(min-width: 48.0625em) and (max-width: 64em)\u0022 type=\u0022image\/webp\u0022 width=\u0022242\u0022 height=\u0022242\u0022\/\u003E\n                  \u003Csource srcset=\u0022\/sites\/default\/files\/styles\/teaser_standard__l\/public\/aurora\/2025\/11\/489848.jpeg.webp?itok=5F0UxUvP 1x\u0022 media=\u0022(min-width: 64.0625em)\u0022 type=\u0022image\/webp\u0022 width=\u0022152\u0022 height=\u0022152\u0022\/\u003E\n                  \u003Csource srcset=\u0022\/sites\/default\/files\/styles\/teaser_standard__m\/public\/aurora\/2025\/11\/489848.jpeg?itok=jlpu9gtn 1x\u0022 media=\u0022(min-width: 48.0625em) and (max-width: 64em)\u0022 type=\u0022image\/jpeg\u0022 width=\u0022242\u0022 height=\u0022242\u0022\/\u003E\n                  \u003Csource srcset=\u0022\/sites\/default\/files\/styles\/teaser_standard__l\/public\/aurora\/2025\/11\/489848.jpeg?itok=5I6p2l-u 1x\u0022 media=\u0022(min-width: 64.0625em)\u0022 type=\u0022image\/jpeg\u0022 width=\u0022152\u0022 height=\u0022152\u0022\/\u003E\n                          \u003Cimg loading=\u0022eager\u0022 data-caption-hide width=\u0022398\u0022 height=\u0022398\u0022 data-zoomed=\u0022https:\/\/www.diekaelte.de\/sites\/default\/files\/styles\/content__zoomed\/public\/aurora\/2025\/11\/489848.jpeg?itok=z0EDEahI\u0022 src=\u0022\/sites\/default\/files\/styles\/teaser_standard__s\/public\/aurora\/2025\/11\/489848.jpeg?itok=agyXXDN9\u0022 title=\u0022Quadratischer Metalldachl\u00fcfter mit geschichteten horizontalen Lamellen f\u00fcr die Bel\u00fcftung, isoliert auf wei\u00dfem Hintergrund. - \u00a9 Bild: BerlinerLuft\u0022 \/\u003E\n\n    \u003C\/picture\u003E\n      \u003Cfigcaption class=\u0022image--figcaption\u0022\u003E\n          \u003Cdiv class=\u0022copyright\u0022\u003EBild: BerlinerLuft\u003C\/div\u003E\n          \u003C\/figcaption\u003E\n\u003C\/figure\u003E\n\n\n    \u003C\/div\u003E\n    \u003Cdiv class=\u0022teaser-content\u0022\u003E\n                    \u003Cdiv class=\u0022teaser-content--kicker\u0022\u003E\n                    BerlinerLuft\n\n        \u003C\/div\u003E\n                                              \n                        \n        \u003Ch4 class=\u0022teaser-content--headline\u0022\u003E\n                                Schlagregensichere \n                              \u003Cspan class=\u0022headline-last-word-arrow\u0022\u003ELamellenhaube              \u003Cspan\n                  class=\u0022permission-lock permission-lock-icon--lock\u0022\u003E\u003C\/span\u003E\n                                  \u003C\/span\u003E\n        \u003C\/h4\u003E\n            \u003Cdiv class=\u0022teaser-content--publishing-date\u0022\u003E\u003Ctime datetime=\u00222025-11-04T10:17:02Z\u0022\u003E04.11.2025\u003C\/time\u003E\n\u003C\/div\u003E\u003Cspan class=\u0022teaser-content--publishing-date-divider\u0022\u003E - \u003C\/span\u003E\u003Cdiv class=\u0022teaser-content--body\u0022\u003E  \u003Cp\u003EBerlinerLuft bietet die Lamellenhaube DHE\/LH in einer optionalen, schlagregensicheren Variante (DHE\/LH-SRS) an, die nach DIN EN 13030 in der Schutzklasse A zertifiziert ist. Diese Klasse beschreibt einen Abscheidegrad von 1 bis minimal 0,99 und l\u00e4sst einen maximalen Wassereintritt von 0,75\u2009l pro\u2009m\u00b2...\u003C\/p\u003E\n\n\n\u003C\/div\u003E\n                        \u003Cspan class=\u0022read-more-arrow-container\u0022\u003E\n            \u003Cspan class=\u0022read-more-angled-arrow\u0022\u003E \u003C\/span\u003E\n          \u003C\/span\u003E\n                  \u003C\/div\u003E\n    \u003C\/a\u003E\n\u003Ca href=\u0022\/lueftungstechnik\/ebm-papst-ec-motoren-kaeltetechnischen-anwendungen\u0022  class=\u0022teaser teaser--standard\u0022 aria-label=\u0022EC-Motoren in k\u00e4ltetechnischen Anwendungen\r\u0022\u003E\n      \u003Cdiv class=\u0022teaser-content--image\u0022\u003E\n        \u003Cfigure class=\u0022image--figure\u0022\u003E\n        \u003Cpicture\u003E\n                        \u003Csource srcset=\u0022\/sites\/default\/files\/styles\/teaser_standard__m\/public\/aurora\/2025\/11\/489850.jpeg.webp?itok=sSkueV9G 1x\u0022 media=\u0022(min-width: 48.0625em) and (max-width: 64em)\u0022 type=\u0022image\/webp\u0022 width=\u0022323\u0022 height=\u0022202\u0022\/\u003E\n                  \u003Csource srcset=\u0022\/sites\/default\/files\/styles\/teaser_standard__l\/public\/aurora\/2025\/11\/489850.jpeg.webp?itok=uLwnyacX 1x\u0022 media=\u0022(min-width: 64.0625em)\u0022 type=\u0022image\/webp\u0022 width=\u0022203\u0022 height=\u0022127\u0022\/\u003E\n                  \u003Csource srcset=\u0022\/sites\/default\/files\/styles\/teaser_standard__m\/public\/aurora\/2025\/11\/489850.jpeg?itok=U6etv3kC 1x\u0022 media=\u0022(min-width: 48.0625em) and (max-width: 64em)\u0022 type=\u0022image\/jpeg\u0022 width=\u0022323\u0022 height=\u0022202\u0022\/\u003E\n                  \u003Csource srcset=\u0022\/sites\/default\/files\/styles\/teaser_standard__l\/public\/aurora\/2025\/11\/489850.jpeg?itok=jLcfUAx6 1x\u0022 media=\u0022(min-width: 64.0625em)\u0022 type=\u0022image\/jpeg\u0022 width=\u0022203\u0022 height=\u0022127\u0022\/\u003E\n                          \u003Cimg loading=\u0022eager\u0022 data-caption-hide width=\u0022636\u0022 height=\u0022398\u0022 data-zoomed=\u0022https:\/\/www.diekaelte.de\/sites\/default\/files\/styles\/content__zoomed\/public\/aurora\/2025\/11\/489850.jpeg?itok=tjq6jLwf\u0022 src=\u0022\/sites\/default\/files\/styles\/teaser_standard__s\/public\/aurora\/2025\/11\/489850.jpeg?itok=f7bsUOj8\u0022 title=\u0022Zwei schwarze elektrische Ventilatormotoren mit Schaufeln auf einer wei\u00dfen Fl\u00e4che und unscharfem Hintergrund. - \u00a9 Bild: ebm-papst\u0022 \/\u003E\n\n    \u003C\/picture\u003E\n      \u003Cfigcaption class=\u0022image--figcaption\u0022\u003E\n          \u003Cdiv class=\u0022copyright\u0022\u003EBild: ebm-papst\u003C\/div\u003E\n          \u003C\/figcaption\u003E\n\u003C\/figure\u003E\n\n\n    \u003C\/div\u003E\n    \u003Cdiv class=\u0022teaser-content\u0022\u003E\n                    \u003Cdiv class=\u0022teaser-content--kicker\u0022\u003E\n                    ebm-papst\n\n        \u003C\/div\u003E\n                                              \n                        \n        \u003Ch4 class=\u0022teaser-content--headline\u0022\u003E\n                                EC-Motoren in k\u00e4ltetechnischen \n                              \u003Cspan class=\u0022headline-last-word-arrow\u0022\u003EAnwendungen              \u003Cspan\n                  class=\u0022permission-lock permission-lock-icon--lock\u0022\u003E\u003C\/span\u003E\n                                  \u003C\/span\u003E\n        \u003C\/h4\u003E\n            \u003Cdiv class=\u0022teaser-content--publishing-date\u0022\u003E\u003Ctime datetime=\u00222025-11-04T10:17:01Z\u0022\u003E04.11.2025\u003C\/time\u003E\n\u003C\/div\u003E\u003Cspan class=\u0022teaser-content--publishing-date-divider\u0022\u003E - \u003C\/span\u003E\u003Cdiv class=\u0022teaser-content--body\u0022\u003E  \u003Cp\u003EDer EC-Motor iQx von ebm-papst ist f\u00fcr den Einsatz in k\u00e4ltetechnischen Anlagen wie Flaschenk\u00fchlern, K\u00fchlger\u00e4ten und -m\u00f6beln sowie Verfl\u00fcssigungss\u00e4tzen in Superm\u00e4rkten konzipiert und l\u00f6st die bisherige NiQ-Motorenreihe ab. Aufgrund mechanischer Kompatibilit\u00e4t und identischer Einbauma\u00dfe ist ein 1:1...\u003C\/p\u003E\n\n\n\u003C\/div\u003E\n                        \u003Cspan class=\u0022read-more-arrow-container\u0022\u003E\n            \u003Cspan class=\u0022read-more-angled-arrow\u0022\u003E \u003C\/span\u003E\n          \u003C\/span\u003E\n                  \u003C\/div\u003E\n    \u003C\/a\u003E\n\u003Ca href=\u0022\/lueftungstechnik\/trox-taschenfilter-fuer-rlt-anlagen\u0022  class=\u0022teaser teaser--standard\u0022 aria-label=\u0022Taschenfilter f\u00fcr RLT-Anlagen\r\u0022\u003E\n      \u003Cdiv class=\u0022teaser-content--image\u0022\u003E\n        \u003Cfigure class=\u0022image--figure\u0022\u003E\n        \u003Cpicture\u003E\n                        \u003Csource srcset=\u0022\/sites\/default\/files\/styles\/teaser_standard__m\/public\/aurora\/2025\/11\/489852.jpeg.webp?itok=SCg_itTL 1x\u0022 media=\u0022(min-width: 48.0625em) and (max-width: 64em)\u0022 type=\u0022image\/webp\u0022 width=\u0022238\u0022 height=\u0022242\u0022\/\u003E\n                  \u003Csource srcset=\u0022\/sites\/default\/files\/styles\/teaser_standard__l\/public\/aurora\/2025\/11\/489852.jpeg.webp?itok=NvXNBG_C 1x\u0022 media=\u0022(min-width: 64.0625em)\u0022 type=\u0022image\/webp\u0022 width=\u0022150\u0022 height=\u0022152\u0022\/\u003E\n                  \u003Csource srcset=\u0022\/sites\/default\/files\/styles\/teaser_standard__m\/public\/aurora\/2025\/11\/489852.jpeg?itok=usXbKeIU 1x\u0022 media=\u0022(min-width: 48.0625em) and (max-width: 64em)\u0022 type=\u0022image\/jpeg\u0022 width=\u0022238\u0022 height=\u0022242\u0022\/\u003E\n                  \u003Csource srcset=\u0022\/sites\/default\/files\/styles\/teaser_standard__l\/public\/aurora\/2025\/11\/489852.jpeg?itok=UewI8dzg 1x\u0022 media=\u0022(min-width: 64.0625em)\u0022 type=\u0022image\/jpeg\u0022 width=\u0022150\u0022 height=\u0022152\u0022\/\u003E\n                          \u003Cimg loading=\u0022eager\u0022 data-caption-hide width=\u0022392\u0022 height=\u0022398\u0022 data-zoomed=\u0022https:\/\/www.diekaelte.de\/sites\/default\/files\/styles\/content__zoomed\/public\/aurora\/2025\/11\/489852.jpeg?itok=AE3CJVey\u0022 src=\u0022\/sites\/default\/files\/styles\/teaser_standard__s\/public\/aurora\/2025\/11\/489852.jpeg?itok=qVAsdx6K\u0022 title=\u0022Wei\u00dfer, gefalteter Luftfilter mit schwarzem, rechteckigem Rahmen, schr\u00e4g auf einfarbigem Hintergrund dargestellt. - \u00a9 Bild: Trox\u0022 \/\u003E\n\n    \u003C\/picture\u003E\n      \u003Cfigcaption class=\u0022image--figcaption\u0022\u003E\n          \u003Cdiv class=\u0022copyright\u0022\u003EBild: Trox\u003C\/div\u003E\n          \u003C\/figcaption\u003E\n\u003C\/figure\u003E\n\n\n    \u003C\/div\u003E\n    \u003Cdiv class=\u0022teaser-content\u0022\u003E\n                    \u003Cdiv class=\u0022teaser-content--kicker\u0022\u003E\n                    Trox\n\n        \u003C\/div\u003E\n                                              \n                        \n        \u003Ch4 class=\u0022teaser-content--headline\u0022\u003E\n                                Taschenfilter f\u00fcr \n                              \u003Cspan class=\u0022headline-last-word-arrow\u0022\u003ERLT-Anlagen              \u003Cspan\n                  class=\u0022permission-lock permission-lock-icon--lock\u0022\u003E\u003C\/span\u003E\n                                  \u003C\/span\u003E\n        \u003C\/h4\u003E\n            \u003Cdiv class=\u0022teaser-content--publishing-date\u0022\u003E\u003Ctime datetime=\u00222025-11-04T10:16:54Z\u0022\u003E04.11.2025\u003C\/time\u003E\n\u003C\/div\u003E\u003Cspan class=\u0022teaser-content--publishing-date-divider\u0022\u003E - \u003C\/span\u003E\u003Cdiv class=\u0022teaser-content--body\u0022\u003E  \u003Cp\u003EDer Taschenfilter PFN von Trox dient der Abscheidung von Feinstaub und ist f\u00fcr den Einsatz als Vor- oder Endfilter in raumlufttechnischen Anlagen konzipiert. Als Filtermedium kommt das mehrlagige NanoWave zum Einsatz, das sich aus einer Vorfilterschicht und einer gewellten Feinstfaserschicht...\u003C\/p\u003E\n\n\n\u003C\/div\u003E\n                        \u003Cspan class=\u0022read-more-arrow-container\u0022\u003E\n            \u003Cspan class=\u0022read-more-angled-arrow\u0022\u003E \u003C\/span\u003E\n          \u003C\/span\u003E\n                  \u003C\/div\u003E\n    \u003C\/a\u003E\n\u003Ca href=\u0022\/lueftungstechnik\/meltem-online-updates-fuer-lueftungsgeraete\u0022  class=\u0022teaser teaser--standard\u0022 aria-label=\u0022Online-Updates f\u00fcr L\u00fcftungsger\u00e4te\r\u0022\u003E\n      \u003Cdiv class=\u0022teaser-content--image\u0022\u003E\n        \u003Cfigure class=\u0022image--figure\u0022\u003E\n        \u003Cpicture\u003E\n                        \u003Csource srcset=\u0022\/sites\/default\/files\/styles\/teaser_standard__m\/public\/aurora\/2025\/09\/474479.jpeg.webp?itok=tymqTWH- 1x\u0022 media=\u0022(min-width: 48.0625em) and (max-width: 64em)\u0022 type=\u0022image\/webp\u0022 width=\u0022323\u0022 height=\u0022223\u0022\/\u003E\n                  \u003Csource srcset=\u0022\/sites\/default\/files\/styles\/teaser_standard__l\/public\/aurora\/2025\/09\/474479.jpeg.webp?itok=QuEkdejU 1x\u0022 media=\u0022(min-width: 64.0625em)\u0022 type=\u0022image\/webp\u0022 width=\u0022203\u0022 height=\u0022140\u0022\/\u003E\n                  \u003Csource srcset=\u0022\/sites\/default\/files\/styles\/teaser_standard__m\/public\/aurora\/2025\/09\/474479.jpeg?itok=aEd79Uaf 1x\u0022 media=\u0022(min-width: 48.0625em) and (max-width: 64em)\u0022 type=\u0022image\/jpeg\u0022 width=\u0022323\u0022 height=\u0022223\u0022\/\u003E\n                  \u003Csource srcset=\u0022\/sites\/default\/files\/styles\/teaser_standard__l\/public\/aurora\/2025\/09\/474479.jpeg?itok=UtqERUlT 1x\u0022 media=\u0022(min-width: 64.0625em)\u0022 type=\u0022image\/jpeg\u0022 width=\u0022203\u0022 height=\u0022140\u0022\/\u003E\n                          \u003Cimg loading=\u0022eager\u0022 data-caption-hide width=\u0022577\u0022 height=\u0022398\u0022 data-zoomed=\u0022https:\/\/www.diekaelte.de\/sites\/default\/files\/styles\/content__zoomed\/public\/aurora\/2025\/09\/474479.jpeg?itok=jRXY8IKB\u0022 src=\u0022\/sites\/default\/files\/styles\/teaser_standard__s\/public\/aurora\/2025\/09\/474479.jpeg?itok=uPrH5gag\u0022 title=\u0022Auf hellem Hintergrund sind drei wei\u00dfe Bedienfelder und ein Smartphone zu sehen, auf dem eine Steuerungs-App angezeigt wird. - \u00a9 Bild: Meltem\u0022 \/\u003E\n\n    \u003C\/picture\u003E\n      \u003Cfigcaption class=\u0022image--figcaption\u0022\u003E\n          \u003Cdiv class=\u0022copyright\u0022\u003EBild: Meltem\u003C\/div\u003E\n          \u003C\/figcaption\u003E\n\u003C\/figure\u003E\n\n\n    \u003C\/div\u003E\n    \u003Cdiv class=\u0022teaser-content\u0022\u003E\n                    \u003Cdiv class=\u0022teaser-content--kicker\u0022\u003E\n                    Meltem\n\n        \u003C\/div\u003E\n                                              \n                        \n        \u003Ch4 class=\u0022teaser-content--headline\u0022\u003E\n                                Online-Updates f\u00fcr \n                              \u003Cspan class=\u0022headline-last-word-arrow\u0022\u003EL\u00fcftungsger\u00e4te              \u003Cspan\n                  class=\u0022permission-lock permission-lock-icon--lock\u0022\u003E\u003C\/span\u003E\n                                  \u003C\/span\u003E\n        \u003C\/h4\u003E\n            \u003Cdiv class=\u0022teaser-content--publishing-date\u0022\u003E\u003Ctime datetime=\u00222025-09-02T11:12:00Z\u0022\u003E02.09.2025\u003C\/time\u003E\n\u003C\/div\u003E\u003Cspan class=\u0022teaser-content--publishing-date-divider\u0022\u003E - \u003C\/span\u003E\u003Cdiv class=\u0022teaser-content--body\u0022\u003E  \u003Cp\u003EMeltem bietet f\u00fcr seine Komfortl\u00fcftungsger\u00e4te Online-Updates f\u00fcr die Betriebssoftware und Firmware an. Voraussetzung ist die Bedienung \u00fcber die Meltem-App, welche die Ger\u00e4te ab Baujahr 2020 \u00fcber einen Router und das Meltem Gateway verbindet. F\u00fcr Ger\u00e4te ab Baujahr 2024 k\u00f6nnen so die Software und die...\u003C\/p\u003E\n\n\n\u003C\/div\u003E\n                        \u003Cspan class=\u0022read-more-arrow-container\u0022\u003E\n            \u003Cspan class=\u0022read-more-angled-arrow\u0022\u003E \u003C\/span\u003E\n          \u003C\/span\u003E\n                  \u003C\/div\u003E\n    \u003C\/a\u003E\n\u003Ca href=\u0022\/lueftungstechnik\/swegon-groessere-luftvolumenstroeme\u0022  class=\u0022teaser teaser--standard\u0022 aria-label=\u0022Gr\u00f6\u00dfere Luftvolumenstr\u00f6me\r\u0022\u003E\n      \u003Cdiv class=\u0022teaser-content--image\u0022\u003E\n        \u003Cfigure class=\u0022image--figure\u0022\u003E\n        \u003Cpicture\u003E\n                        \u003Csource srcset=\u0022\/sites\/default\/files\/styles\/teaser_standard__m\/public\/aurora\/2025\/09\/474481.jpeg.webp?itok=I-NzmKL7 1x\u0022 media=\u0022(min-width: 48.0625em) and (max-width: 64em)\u0022 type=\u0022image\/webp\u0022 width=\u0022314\u0022 height=\u0022242\u0022\/\u003E\n                  \u003Csource srcset=\u0022\/sites\/default\/files\/styles\/teaser_standard__l\/public\/aurora\/2025\/09\/474481.jpeg.webp?itok=HUngi7qE 1x\u0022 media=\u0022(min-width: 64.0625em)\u0022 type=\u0022image\/webp\u0022 width=\u0022197\u0022 height=\u0022152\u0022\/\u003E\n                  \u003Csource srcset=\u0022\/sites\/default\/files\/styles\/teaser_standard__m\/public\/aurora\/2025\/09\/474481.jpeg?itok=GU1vuEto 1x\u0022 media=\u0022(min-width: 48.0625em) and (max-width: 64em)\u0022 type=\u0022image\/jpeg\u0022 width=\u0022314\u0022 height=\u0022242\u0022\/\u003E\n                  \u003Csource srcset=\u0022\/sites\/default\/files\/styles\/teaser_standard__l\/public\/aurora\/2025\/09\/474481.jpeg?itok=CeBoWWFS 1x\u0022 media=\u0022(min-width: 64.0625em)\u0022 type=\u0022image\/jpeg\u0022 width=\u0022197\u0022 height=\u0022152\u0022\/\u003E\n                          \u003Cimg loading=\u0022eager\u0022 data-caption-hide width=\u0022516\u0022 height=\u0022398\u0022 data-zoomed=\u0022https:\/\/www.diekaelte.de\/sites\/default\/files\/styles\/content__zoomed\/public\/aurora\/2025\/09\/474481.jpeg?itok=k2-d6X27\u0022 src=\u0022\/sites\/default\/files\/styles\/teaser_standard__s\/public\/aurora\/2025\/09\/474481.jpeg?itok=YMAV45eW\u0022 title=\u0022Gro\u00dfes silbernes industrielles L\u00fcftungsger\u00e4t mit mehreren Paneelt\u00fcren und L\u00fcftungs\u00f6ffnungen, beschriftet mit \u0026quot;Swegon\u0026quot;. - \u00a9 Bild: Swegon\u0022 \/\u003E\n\n    \u003C\/picture\u003E\n      \u003Cfigcaption class=\u0022image--figcaption\u0022\u003E\n          \u003Cdiv class=\u0022copyright\u0022\u003EBild: Swegon\u003C\/div\u003E\n          \u003C\/figcaption\u003E\n\u003C\/figure\u003E\n\n\n    \u003C\/div\u003E\n    \u003Cdiv class=\u0022teaser-content\u0022\u003E\n                    \u003Cdiv class=\u0022teaser-content--kicker\u0022\u003E\n                    Swegon \n\n        \u003C\/div\u003E\n                                              \n                        \n        \u003Ch4 class=\u0022teaser-content--headline\u0022\u003E\n                                Gr\u00f6\u00dfere \n                              \u003Cspan class=\u0022headline-last-word-arrow\u0022\u003ELuftvolumenstr\u00f6me              \u003Cspan\n                  class=\u0022permission-lock permission-lock-icon--lock\u0022\u003E\u003C\/span\u003E\n                                  \u003C\/span\u003E\n        \u003C\/h4\u003E\n            \u003Cdiv class=\u0022teaser-content--publishing-date\u0022\u003E\u003Ctime datetime=\u00222025-09-02T11:11:58Z\u0022\u003E02.09.2025\u003C\/time\u003E\n\u003C\/div\u003E\u003Cspan class=\u0022teaser-content--publishing-date-divider\u0022\u003E - \u003C\/span\u003E\u003Cdiv class=\u0022teaser-content--body\u0022\u003E  \u003Cp\u003ESwegon hat die L\u00fcftungsger\u00e4te-Serie Gold PX mit Plattenw\u00e4rme\u00fcbertrager um drei Baugr\u00f6\u00dfen f\u00fcr gr\u00f6\u00dfere Luftvolumenstr\u00f6me erg\u00e4nzt. Die Gr\u00f6\u00dfen 040\u2009+, 050\u2009+ und 060\u2009+ decken Luftvolumenstr\u00f6me zwischen 16.000 und 18.000\u2009m\u00b3\/h ab und sind in den Varianten MTE f\u00fcr hohe Temperatureffizienz und MPE f\u00fcr...\u003C\/p\u003E\n\n\n\u003C\/div\u003E\n                        \u003Cspan class=\u0022read-more-arrow-container\u0022\u003E\n            \u003Cspan class=\u0022read-more-angled-arrow\u0022\u003E \u003C\/span\u003E\n          \u003C\/span\u003E\n                  \u003C\/div\u003E\n    \u003C\/a\u003E\n\u003Ca href=\u0022\/lueftungstechnik\/systemair-modulares-baukastensystem\u0022  class=\u0022teaser teaser--standard\u0022 aria-label=\u0022Modulares Baukastensystem\r\u0022\u003E\n      \u003Cdiv class=\u0022teaser-content--image\u0022\u003E\n        \u003Cfigure class=\u0022image--figure\u0022\u003E\n        \u003Cpicture\u003E\n                        \u003Csource srcset=\u0022\/sites\/default\/files\/styles\/teaser_standard__m\/public\/aurora\/2025\/09\/474483.jpeg.webp?itok=wdVgzzqQ 1x\u0022 media=\u0022(min-width: 48.0625em) and (max-width: 64em)\u0022 type=\u0022image\/webp\u0022 width=\u0022313\u0022 height=\u0022242\u0022\/\u003E\n                  \u003Csource srcset=\u0022\/sites\/default\/files\/styles\/teaser_standard__l\/public\/aurora\/2025\/09\/474483.jpeg.webp?itok=o-wUEUFC 1x\u0022 media=\u0022(min-width: 64.0625em)\u0022 type=\u0022image\/webp\u0022 width=\u0022197\u0022 height=\u0022152\u0022\/\u003E\n                  \u003Csource srcset=\u0022\/sites\/default\/files\/styles\/teaser_standard__m\/public\/aurora\/2025\/09\/474483.jpeg?itok=8Ae5veMC 1x\u0022 media=\u0022(min-width: 48.0625em) and (max-width: 64em)\u0022 type=\u0022image\/jpeg\u0022 width=\u0022313\u0022 height=\u0022242\u0022\/\u003E\n                  \u003Csource srcset=\u0022\/sites\/default\/files\/styles\/teaser_standard__l\/public\/aurora\/2025\/09\/474483.jpeg?itok=sfTm7Q5E 1x\u0022 media=\u0022(min-width: 64.0625em)\u0022 type=\u0022image\/jpeg\u0022 width=\u0022197\u0022 height=\u0022152\u0022\/\u003E\n                          \u003Cimg loading=\u0022eager\u0022 data-caption-hide width=\u0022515\u0022 height=\u0022398\u0022 data-zoomed=\u0022https:\/\/www.diekaelte.de\/sites\/default\/files\/styles\/content__zoomed\/public\/aurora\/2025\/09\/474483.jpeg?itok=YP_092uu\u0022 src=\u0022\/sites\/default\/files\/styles\/teaser_standard__s\/public\/aurora\/2025\/09\/474483.jpeg?itok=ISY7MUSr\u0022 title=\u0022Ein schlichter, grauer, rechteckiger Metallkasten mit vier Schrauben in den Ecken, dargestellt auf wei\u00dfem Hintergrund. - \u00a9 Bild: Systemair\u0022 \/\u003E\n\n    \u003C\/picture\u003E\n      \u003Cfigcaption class=\u0022image--figcaption\u0022\u003E\n          \u003Cdiv class=\u0022copyright\u0022\u003EBild: Systemair\u003C\/div\u003E\n          \u003C\/figcaption\u003E\n\u003C\/figure\u003E\n\n\n    \u003C\/div\u003E\n    \u003Cdiv class=\u0022teaser-content\u0022\u003E\n                    \u003Cdiv class=\u0022teaser-content--kicker\u0022\u003E\n                    Systemair\n\n        \u003C\/div\u003E\n                                              \n                        \n        \u003Ch4 class=\u0022teaser-content--headline\u0022\u003E\n                                Modulares \n                              \u003Cspan class=\u0022headline-last-word-arrow\u0022\u003EBaukastensystem              \u003Cspan\n                  class=\u0022permission-lock permission-lock-icon--lock\u0022\u003E\u003C\/span\u003E\n                                  \u003C\/span\u003E\n        \u003C\/h4\u003E\n            \u003Cdiv class=\u0022teaser-content--publishing-date\u0022\u003E\u003Ctime datetime=\u00222025-09-02T11:11:58Z\u0022\u003E02.09.2025\u003C\/time\u003E\n\u003C\/div\u003E\u003Cspan class=\u0022teaser-content--publishing-date-divider\u0022\u003E - \u003C\/span\u003E\u003Cdiv class=\u0022teaser-content--body\u0022\u003E  \u003Cp\u003ESystemair hat mit dem Stair Modulsystem einen Baukasten zur Steuerung von Druckbel\u00fcftungsanlagen (DBA) f\u00fcr Planer und Fachingenieure entwickelt. Im Brandfall halten DBA durch gezielte \u00dcberdruckbel\u00fcftung Flucht- und Rettungswege rauchfrei. Das System besteht aus drei Kernmodulen: Einem Zuluft-Modul...\u003C\/p\u003E\n\n\n\u003C\/div\u003E\n                        \u003Cspan class=\u0022read-more-arrow-container\u0022\u003E\n            \u003Cspan class=\u0022read-more-angled-arrow\u0022\u003E \u003C\/span\u003E\n          \u003C\/span\u003E\n                  \u003C\/div\u003E\n    \u003C\/a\u003E\n\u003Ca href=\u0022\/lueftungstechnik\/ciat-zweiflutige-klimazentrale\u0022  class=\u0022teaser teaser--standard\u0022 aria-label=\u0022Zweiflutige Klimazentrale\r\u0022\u003E\n      \u003Cdiv class=\u0022teaser-content--image\u0022\u003E\n        \u003Cfigure class=\u0022image--figure\u0022\u003E\n        \u003Cpicture\u003E\n                        \u003Csource srcset=\u0022\/sites\/default\/files\/styles\/teaser_standard__m\/public\/aurora\/2025\/08\/467575.jpeg.webp?itok=dhoePRF3 1x\u0022 media=\u0022(min-width: 48.0625em) and (max-width: 64em)\u0022 type=\u0022image\/webp\u0022 width=\u0022323\u0022 height=\u0022229\u0022\/\u003E\n                  \u003Csource srcset=\u0022\/sites\/default\/files\/styles\/teaser_standard__l\/public\/aurora\/2025\/08\/467575.jpeg.webp?itok=TYrbXP4X 1x\u0022 media=\u0022(min-width: 64.0625em)\u0022 type=\u0022image\/webp\u0022 width=\u0022203\u0022 height=\u0022144\u0022\/\u003E\n                  \u003Csource srcset=\u0022\/sites\/default\/files\/styles\/teaser_standard__m\/public\/aurora\/2025\/08\/467575.jpeg?itok=qOydRXWM 1x\u0022 media=\u0022(min-width: 48.0625em) and (max-width: 64em)\u0022 type=\u0022image\/jpeg\u0022 width=\u0022323\u0022 height=\u0022229\u0022\/\u003E\n                  \u003Csource srcset=\u0022\/sites\/default\/files\/styles\/teaser_standard__l\/public\/aurora\/2025\/08\/467575.jpeg?itok=KEgkRKsZ 1x\u0022 media=\u0022(min-width: 64.0625em)\u0022 type=\u0022image\/jpeg\u0022 width=\u0022203\u0022 height=\u0022144\u0022\/\u003E\n                          \u003Cimg loading=\u0022eager\u0022 data-caption-hide width=\u0022562\u0022 height=\u0022398\u0022 data-zoomed=\u0022https:\/\/www.diekaelte.de\/sites\/default\/files\/styles\/content__zoomed\/public\/aurora\/2025\/08\/467575.jpeg?itok=tJg8LM1x\u0022 src=\u0022\/sites\/default\/files\/styles\/teaser_standard__s\/public\/aurora\/2025\/08\/467575.jpeg?itok=-XqS_KZX\u0022 title=\u0022Wei\u00dfes Industrieklimager\u00e4t mit CIAT-Logo, L\u00fcftungs\u00f6ffnungen und Zugangsklappen, montiert auf einem Metallrahmen. - \u00a9 Bild: Ciat\u0022 \/\u003E\n\n    \u003C\/picture\u003E\n      \u003Cfigcaption class=\u0022image--figcaption\u0022\u003E\n          \u003Cdiv class=\u0022copyright\u0022\u003EBild: Ciat\u003C\/div\u003E\n          \u003C\/figcaption\u003E\n\u003C\/figure\u003E\n\n\n    \u003C\/div\u003E\n    \u003Cdiv class=\u0022teaser-content\u0022\u003E\n                    \u003Cdiv class=\u0022teaser-content--kicker\u0022\u003E\n                    Ciat\n\n        \u003C\/div\u003E\n                                              \n                        \n        \u003Ch4 class=\u0022teaser-content--headline\u0022\u003E\n                                Zweiflutige \n                              \u003Cspan class=\u0022headline-last-word-arrow\u0022\u003EKlimazentrale              \u003Cspan\n                  class=\u0022permission-lock permission-lock-icon--lock\u0022\u003E\u003C\/span\u003E\n                                  \u003C\/span\u003E\n        \u003C\/h4\u003E\n            \u003Cdiv class=\u0022teaser-content--publishing-date\u0022\u003E\u003Ctime datetime=\u00222025-08-05T12:13:33Z\u0022\u003E05.08.2025\u003C\/time\u003E\n\u003C\/div\u003E\u003Cspan class=\u0022teaser-content--publishing-date-divider\u0022\u003E - \u003C\/span\u003E\u003Cdiv class=\u0022teaser-content--body\u0022\u003E  \u003Cp\u003ECiat stellt mit der Baureihe Climaciat Floway zweiflutige Klimazentralen f\u00fcr L\u00fcftungs- und Klimatisierungsanwendungen vor, die einen Luftvolumenstrom von bis zu 25.000\u2009m\u00b3\/h bereitstellen. Zur W\u00e4rmer\u00fcckgewinnung sind die Ger\u00e4te wahlweise mit einem Rotationsw\u00e4rmetauscher in der Ausf\u00fchrung RX oder...\u003C\/p\u003E\n\n\n\u003C\/div\u003E\n                        \u003Cspan class=\u0022read-more-arrow-container\u0022\u003E\n            \u003Cspan class=\u0022read-more-angled-arrow\u0022\u003E \u003C\/span\u003E\n          \u003C\/span\u003E\n                  \u003C\/div\u003E\n    \u003C\/a\u003E\n\u003Ca href=\u0022\/lueftungstechnik\/al-ko-airtech-und-trane-kombinierte-klima-und-lueftungssysteme\u0022  class=\u0022teaser teaser--standard\u0022 aria-label=\u0022Kombinierte Klima- und L\u00fcftungssysteme\r\u0022\u003E\n      \u003Cdiv class=\u0022teaser-content--image\u0022\u003E\n        \u003Cfigure class=\u0022image--figure\u0022\u003E\n        \u003Cpicture\u003E\n                        \u003Csource srcset=\u0022\/sites\/default\/files\/styles\/teaser_standard__m\/public\/aurora\/2025\/08\/467573.jpeg.webp?itok=QasN2ldK 1x\u0022 media=\u0022(min-width: 48.0625em) and (max-width: 64em)\u0022 type=\u0022image\/webp\u0022 width=\u0022323\u0022 height=\u0022235\u0022\/\u003E\n                  \u003Csource srcset=\u0022\/sites\/default\/files\/styles\/teaser_standard__l\/public\/aurora\/2025\/08\/467573.jpeg.webp?itok=zdj41oMQ 1x\u0022 media=\u0022(min-width: 64.0625em)\u0022 type=\u0022image\/webp\u0022 width=\u0022203\u0022 height=\u0022148\u0022\/\u003E\n                  \u003Csource srcset=\u0022\/sites\/default\/files\/styles\/teaser_standard__m\/public\/aurora\/2025\/08\/467573.jpeg?itok=PUfOS67N 1x\u0022 media=\u0022(min-width: 48.0625em) and (max-width: 64em)\u0022 type=\u0022image\/jpeg\u0022 width=\u0022323\u0022 height=\u0022235\u0022\/\u003E\n                  \u003Csource srcset=\u0022\/sites\/default\/files\/styles\/teaser_standard__l\/public\/aurora\/2025\/08\/467573.jpeg?itok=sBgnNPkg 1x\u0022 media=\u0022(min-width: 64.0625em)\u0022 type=\u0022image\/jpeg\u0022 width=\u0022203\u0022 height=\u0022148\u0022\/\u003E\n                          \u003Cimg loading=\u0022eager\u0022 data-caption-hide width=\u0022548\u0022 height=\u0022398\u0022 data-zoomed=\u0022https:\/\/www.diekaelte.de\/sites\/default\/files\/styles\/content__zoomed\/public\/aurora\/2025\/08\/467573.jpeg?itok=89FfsNbg\u0022 src=\u0022\/sites\/default\/files\/styles\/teaser_standard__s\/public\/aurora\/2025\/08\/467573.jpeg?itok=NxlKKLLE\u0022 title=\u0022Gro\u00dfe industrielle Klimager\u00e4te und L\u00fcftungsanlagen in einem sauberen, modernen Geb\u00e4ude mit Holzfu\u00dfboden. - \u00a9 Bild: AL-KO\u0022 \/\u003E\n\n    \u003C\/picture\u003E\n      \u003Cfigcaption class=\u0022image--figcaption\u0022\u003E\n          \u003Cdiv class=\u0022copyright\u0022\u003EBild: AL-KO\u003C\/div\u003E\n          \u003C\/figcaption\u003E\n\u003C\/figure\u003E\n\n\n    \u003C\/div\u003E\n    \u003Cdiv class=\u0022teaser-content\u0022\u003E\n                    \u003Cdiv class=\u0022teaser-content--kicker\u0022\u003E\n                    Al-Ko Airtech und Trane\n\n        \u003C\/div\u003E\n                                              \n                        \n        \u003Ch4 class=\u0022teaser-content--headline\u0022\u003E\n                                Kombinierte Klima- und \n                              \u003Cspan class=\u0022headline-last-word-arrow\u0022\u003EL\u00fcftungssysteme              \u003Cspan\n                  class=\u0022permission-lock permission-lock-icon--lock\u0022\u003E\u003C\/span\u003E\n                                  \u003C\/span\u003E\n        \u003C\/h4\u003E\n            \u003Cdiv class=\u0022teaser-content--publishing-date\u0022\u003E\u003Ctime datetime=\u00222025-08-05T12:13:32Z\u0022\u003E05.08.2025\u003C\/time\u003E\n\u003C\/div\u003E\u003Cspan class=\u0022teaser-content--publishing-date-divider\u0022\u003E - \u003C\/span\u003E\u003Cdiv class=\u0022teaser-content--body\u0022\u003E  \u003Cp\u003EAl-Ko Airtech und Trane bieten zwei aufeinander abgestimmte Klimatisierungssysteme an. Das erste System kombiniert das modular aufgebaute L\u00fcftungsger\u00e4t Al-Ko AT\u20094 mit der Hochtemperatur-W\u00e4rmepumpe Trane City RTSF\u2009HT. Das AT\u20094 ist mit horizontalen Rotoren und Komponenten f\u00fcr eine vertikale...\u003C\/p\u003E\n\n\n\u003C\/div\u003E\n                        \u003Cspan class=\u0022read-more-arrow-container\u0022\u003E\n            \u003Cspan class=\u0022read-more-angled-arrow\u0022\u003E \u003C\/span\u003E\n          \u003C\/span\u003E\n                  \u003C\/div\u003E\n    \u003C\/a\u003E\n\u003Ca href=\u0022\/lueftungstechnik\/dorstener-drahtwerke-sandwich-luftfilter-aus-edelstahlgewebe\u0022  class=\u0022teaser teaser--standard\u0022 aria-label=\u0022Sandwich-Luftfilter aus Edelstahlgewebe\r\u0022\u003E\n      \u003Cdiv class=\u0022teaser-content--image\u0022\u003E\n        \u003Cfigure class=\u0022image--figure\u0022\u003E\n        \u003Cpicture\u003E\n                        \u003Csource srcset=\u0022\/sites\/default\/files\/styles\/teaser_standard__m\/public\/aurora\/2025\/08\/467577.jpeg.webp?itok=xVaU3LNn 1x\u0022 media=\u0022(min-width: 48.0625em) and (max-width: 64em)\u0022 type=\u0022image\/webp\u0022 width=\u0022253\u0022 height=\u0022242\u0022\/\u003E\n                  \u003Csource srcset=\u0022\/sites\/default\/files\/styles\/teaser_standard__l\/public\/aurora\/2025\/08\/467577.jpeg.webp?itok=1k-nNmRY 1x\u0022 media=\u0022(min-width: 64.0625em)\u0022 type=\u0022image\/webp\u0022 width=\u0022159\u0022 height=\u0022152\u0022\/\u003E\n                  \u003Csource srcset=\u0022\/sites\/default\/files\/styles\/teaser_standard__m\/public\/aurora\/2025\/08\/467577.jpeg?itok=Oeqzd_Ec 1x\u0022 media=\u0022(min-width: 48.0625em) and (max-width: 64em)\u0022 type=\u0022image\/jpeg\u0022 width=\u0022253\u0022 height=\u0022242\u0022\/\u003E\n                  \u003Csource srcset=\u0022\/sites\/default\/files\/styles\/teaser_standard__l\/public\/aurora\/2025\/08\/467577.jpeg?itok=fTyZyMbG 1x\u0022 media=\u0022(min-width: 64.0625em)\u0022 type=\u0022image\/jpeg\u0022 width=\u0022159\u0022 height=\u0022152\u0022\/\u003E\n                          \u003Cimg loading=\u0022eager\u0022 data-caption-hide width=\u0022416\u0022 height=\u0022398\u0022 data-zoomed=\u0022https:\/\/www.diekaelte.de\/sites\/default\/files\/styles\/content__zoomed\/public\/aurora\/2025\/08\/467577.jpeg?itok=zmfc2Dni\u0022 src=\u0022\/sites\/default\/files\/styles\/teaser_standard__s\/public\/aurora\/2025\/08\/467577.jpeg?itok=Fv9kEj05\u0022 title=\u0022Nahaufnahme von L\u00fcftungsgittern aus Metall mit Regentropfen auf der Oberfl\u00e4che, die neben einem Geb\u00e4ude angebracht sind. - \u00a9 Bild: Dorstener Drahtwerke\u0022 \/\u003E\n\n    \u003C\/picture\u003E\n      \u003Cfigcaption class=\u0022image--figcaption\u0022\u003E\n          \u003Cdiv class=\u0022copyright\u0022\u003EBild: Dorstener Drahtwerke\u003C\/div\u003E\n          \u003C\/figcaption\u003E\n\u003C\/figure\u003E\n\n\n    \u003C\/div\u003E\n    \u003Cdiv class=\u0022teaser-content\u0022\u003E\n                    \u003Cdiv class=\u0022teaser-content--kicker\u0022\u003E\n                    Dorstener Drahtwerke\n\n        \u003C\/div\u003E\n                                              \n                        \n        \u003Ch4 class=\u0022teaser-content--headline\u0022\u003E\n                                Sandwich-Luftfilter aus \n                              \u003Cspan class=\u0022headline-last-word-arrow\u0022\u003EEdelstahlgewebe              \u003Cspan\n                  class=\u0022permission-lock permission-lock-icon--lock\u0022\u003E\u003C\/span\u003E\n                                  \u003C\/span\u003E\n        \u003C\/h4\u003E\n            \u003Cdiv class=\u0022teaser-content--publishing-date\u0022\u003E\u003Ctime datetime=\u00222025-08-05T12:13:29Z\u0022\u003E05.08.2025\u003C\/time\u003E\n\u003C\/div\u003E\u003Cspan class=\u0022teaser-content--publishing-date-divider\u0022\u003E - \u003C\/span\u003E\u003Cdiv class=\u0022teaser-content--body\u0022\u003E  \u003Cp\u003EDie Dorstener Drahtwerke bieten mit dem Ddd Sandwich-Luftfilter eine L\u00f6sung f\u00fcr die industrielle Luft- und Partikelfiltration, die in offenen K\u00fchlwassersystemen, Luftk\u00fchlern und K\u00e4lteerzeugern eingesetzt wird. Das System besteht aus einer gewellten Konstruktion aus feinem Edelstahlgewebe und einem...\u003C\/p\u003E\n\n\n\u003C\/div\u003E\n                        \u003Cspan class=\u0022read-more-arrow-container\u0022\u003E\n            \u003Cspan class=\u0022read-more-angled-arrow\u0022\u003E \u003C\/span\u003E\n          \u003C\/span\u003E\n                  \u003C\/div\u003E\n    \u003C\/a\u003E\n\u003Ca href=\u0022\/lueftungstechnik\/wolf-wohnraumlueftung-fuer-den-objektbau\u0022  class=\u0022teaser teaser--standard\u0022 aria-label=\u0022Wohnrauml\u00fcftung f\u00fcr den Objektbau\r\u0022\u003E\n      \u003Cdiv class=\u0022teaser-content--image\u0022\u003E\n        \u003Cfigure class=\u0022image--figure\u0022\u003E\n        \u003Cpicture\u003E\n                        \u003Csource srcset=\u0022\/sites\/default\/files\/styles\/teaser_standard__m\/public\/aurora\/2025\/08\/467579.jpeg.webp?itok=SQHBxpnC 1x\u0022 media=\u0022(min-width: 48.0625em) and (max-width: 64em)\u0022 type=\u0022image\/webp\u0022 width=\u0022160\u0022 height=\u0022242\u0022\/\u003E\n                  \u003Csource srcset=\u0022\/sites\/default\/files\/styles\/teaser_standard__l\/public\/aurora\/2025\/08\/467579.jpeg.webp?itok=OeWHqUXh 1x\u0022 media=\u0022(min-width: 64.0625em)\u0022 type=\u0022image\/webp\u0022 width=\u0022100\u0022 height=\u0022152\u0022\/\u003E\n                  \u003Csource srcset=\u0022\/sites\/default\/files\/styles\/teaser_standard__m\/public\/aurora\/2025\/08\/467579.jpeg?itok=3BtCx7Nn 1x\u0022 media=\u0022(min-width: 48.0625em) and (max-width: 64em)\u0022 type=\u0022image\/jpeg\u0022 width=\u0022160\u0022 height=\u0022242\u0022\/\u003E\n                  \u003Csource srcset=\u0022\/sites\/default\/files\/styles\/teaser_standard__l\/public\/aurora\/2025\/08\/467579.jpeg?itok=hvXw97Ar 1x\u0022 media=\u0022(min-width: 64.0625em)\u0022 type=\u0022image\/jpeg\u0022 width=\u0022100\u0022 height=\u0022152\u0022\/\u003E\n                          \u003Cimg loading=\u0022eager\u0022 data-caption-hide width=\u0022263\u0022 height=\u0022398\u0022 data-zoomed=\u0022https:\/\/www.diekaelte.de\/sites\/default\/files\/styles\/content__zoomed\/public\/aurora\/2025\/08\/467579.jpeg?itok=wda5_9K8\u0022 src=\u0022\/sites\/default\/files\/styles\/teaser_standard__s\/public\/aurora\/2025\/08\/467579.jpeg?itok=5NuLHx2G\u0022 title=\u0022White Wolf-L\u00fcftungsger\u00e4t mit zwei schwarzen oberen L\u00fcftungs\u00f6ffnungen, einem Bedienfeld und einem QR-Code unten rechts. - \u00a9 Bild: Wolf\u0022 \/\u003E\n\n    \u003C\/picture\u003E\n      \u003Cfigcaption class=\u0022image--figcaption\u0022\u003E\n          \u003Cdiv class=\u0022copyright\u0022\u003EBild: Wolf\u003C\/div\u003E\n          \u003C\/figcaption\u003E\n\u003C\/figure\u003E\n\n\n    \u003C\/div\u003E\n    \u003Cdiv class=\u0022teaser-content\u0022\u003E\n                    \u003Cdiv class=\u0022teaser-content--kicker\u0022\u003E\n                    Wolf\n\n        \u003C\/div\u003E\n                                              \n                        \n        \u003Ch4 class=\u0022teaser-content--headline\u0022\u003E\n                                Wohnrauml\u00fcftung f\u00fcr den \n                              \u003Cspan class=\u0022headline-last-word-arrow\u0022\u003EObjektbau              \u003Cspan\n                  class=\u0022permission-lock permission-lock-icon--lock\u0022\u003E\u003C\/span\u003E\n                                  \u003C\/span\u003E\n        \u003C\/h4\u003E\n            \u003Cdiv class=\u0022teaser-content--publishing-date\u0022\u003E\u003Ctime datetime=\u00222025-08-05T12:13:27Z\u0022\u003E05.08.2025\u003C\/time\u003E\n\u003C\/div\u003E\u003Cspan class=\u0022teaser-content--publishing-date-divider\u0022\u003E - \u003C\/span\u003E\u003Cdiv class=\u0022teaser-content--body\u0022\u003E  \u003Cp\u003EWolf bietet mit dem FWL-200 ein Wohnrauml\u00fcftungsger\u00e4t f\u00fcr den Objektbau und f\u00fcr Renovierungen an. Es ist f\u00fcr Wohnungen und kleine H\u00e4user bis 150\u2009m\u00b2 Wohnfl\u00e4che konzipiert und eignet sich f\u00fcr Projekte, bei denen Deckenger\u00e4te keine Option sind. Mit einer Breite von 56\u2009cm und einer Tiefe von 31,5\u2009cm...\u003C\/p\u003E\n\n\n\u003C\/div\u003E\n                        \u003Cspan class=\u0022read-more-arrow-container\u0022\u003E\n            \u003Cspan class=\u0022read-more-angled-arrow\u0022\u003E \u003C\/span\u003E\n          \u003C\/span\u003E\n                  \u003C\/div\u003E\n    \u003C\/a\u003E\n\u003Ca href=\u0022\/lueftungstechnik\/swegon-kompakgeraete-mit-flexiblen-luftstromrichtungen\u0022  class=\u0022teaser teaser--standard\u0022 aria-label=\u0022Kompakger\u00e4te mit flexiblen\u00a0Luftstromrichtungen\r\u0022\u003E\n      \u003Cdiv class=\u0022teaser-content--image\u0022\u003E\n        \u003Cfigure class=\u0022image--figure\u0022\u003E\n        \u003Cpicture\u003E\n                        \u003Csource srcset=\u0022\/sites\/default\/files\/styles\/teaser_standard__m\/public\/aurora\/2025\/07\/458159.jpeg.webp?itok=Bc0P4V8H 1x\u0022 media=\u0022(min-width: 48.0625em) and (max-width: 64em)\u0022 type=\u0022image\/webp\u0022 width=\u0022323\u0022 height=\u0022172\u0022\/\u003E\n                  \u003Csource srcset=\u0022\/sites\/default\/files\/styles\/teaser_standard__l\/public\/aurora\/2025\/07\/458159.jpeg.webp?itok=L0Z1nMjl 1x\u0022 media=\u0022(min-width: 64.0625em)\u0022 type=\u0022image\/webp\u0022 width=\u0022203\u0022 height=\u0022108\u0022\/\u003E\n                  \u003Csource srcset=\u0022\/sites\/default\/files\/styles\/teaser_standard__m\/public\/aurora\/2025\/07\/458159.jpeg?itok=k-Y4Xuf7 1x\u0022 media=\u0022(min-width: 48.0625em) and (max-width: 64em)\u0022 type=\u0022image\/jpeg\u0022 width=\u0022323\u0022 height=\u0022172\u0022\/\u003E\n                  \u003Csource srcset=\u0022\/sites\/default\/files\/styles\/teaser_standard__l\/public\/aurora\/2025\/07\/458159.jpeg?itok=ZgkFdPWp 1x\u0022 media=\u0022(min-width: 64.0625em)\u0022 type=\u0022image\/jpeg\u0022 width=\u0022203\u0022 height=\u0022108\u0022\/\u003E\n                          \u003Cimg loading=\u0022eager\u0022 data-caption-hide width=\u0022708\u0022 height=\u0022377\u0022 data-zoomed=\u0022https:\/\/www.diekaelte.de\/sites\/default\/files\/styles\/content__zoomed\/public\/aurora\/2025\/07\/458159.jpeg?itok=ACWNr18K\u0022 src=\u0022\/sites\/default\/files\/styles\/teaser_standard__s\/public\/aurora\/2025\/07\/458159.jpeg?itok=Y76aBSxs\u0022 title=\u0022An der Decke montiertes HVAC-L\u00fcftungsger\u00e4t mit sichtbaren Verkleidungen, L\u00fcftungs\u00f6ffnungen und elektronischen Komponenten. - \u00a9 Bild: Swegon\u0022 \/\u003E\n\n    \u003C\/picture\u003E\n      \u003Cfigcaption class=\u0022image--figcaption\u0022\u003E\n          \u003Cdiv class=\u0022copyright\u0022\u003EBild: Swegon\u003C\/div\u003E\n          \u003C\/figcaption\u003E\n\u003C\/figure\u003E\n\n\n    \u003C\/div\u003E\n    \u003Cdiv class=\u0022teaser-content\u0022\u003E\n                    \u003Cdiv class=\u0022teaser-content--kicker\u0022\u003E\n                    Swegon\n\n        \u003C\/div\u003E\n                                              \n                        \n        \u003Ch4 class=\u0022teaser-content--headline\u0022\u003E\n                                Kompakger\u00e4te mit \n                              \u003Cspan class=\u0022headline-last-word-arrow\u0022\u003Eflexiblen\u00a0Luftstromrichtungen              \u003Cspan\n                  class=\u0022permission-lock permission-lock-icon--lock\u0022\u003E\u003C\/span\u003E\n                                  \u003C\/span\u003E\n        \u003C\/h4\u003E\n            \u003Cdiv class=\u0022teaser-content--publishing-date\u0022\u003E\u003Ctime datetime=\u00222025-07-01T12:11:00Z\u0022\u003E01.07.2025\u003C\/time\u003E\n\u003C\/div\u003E\u003Cspan class=\u0022teaser-content--publishing-date-divider\u0022\u003E - \u003C\/span\u003E\u003Cdiv class=\u0022teaser-content--body\u0022\u003E  \u003Cp\u003EF\u00fcr den Einsatz in Geb\u00e4uden mit begrenztem Platzangebot wurden flache L\u00fcftungsger\u00e4te mit Volumenstr\u00f6men zwischen 100 und 3500\u2009m\u00b3\/h entwickelt, die sich f\u00fcr den Decken- und Zwischendeckeneinbau eignen. Sie finden Anwendung in B\u00fcros, Bildungseinrichtungen, Kindertagesst\u00e4tten, Verkaufsr\u00e4umen und...\u003C\/p\u003E\n\n\n\u003C\/div\u003E\n                        \u003Cspan class=\u0022read-more-arrow-container\u0022\u003E\n            \u003Cspan class=\u0022read-more-angled-arrow\u0022\u003E \u003C\/span\u003E\n          \u003C\/span\u003E\n                  \u003C\/div\u003E\n    \u003C\/a\u003E\n\u003Ca href=\u0022\/lueftungstechnik\/berlinerluft-luftkanal-fuer-sensible-einsatzbereiche\u0022  class=\u0022teaser teaser--standard\u0022 aria-label=\u0022Luftkanal f\u00fcr sensible Einsatzbereiche\r\u0022\u003E\n      \u003Cdiv class=\u0022teaser-content--image\u0022\u003E\n        \u003Cfigure class=\u0022image--figure\u0022\u003E\n        \u003Cpicture\u003E\n                        \u003Csource srcset=\u0022\/sites\/default\/files\/styles\/teaser_standard__m\/public\/aurora\/2025\/07\/458161.jpeg.webp?itok=dL8ypCuv 1x\u0022 media=\u0022(min-width: 48.0625em) and (max-width: 64em)\u0022 type=\u0022image\/webp\u0022 width=\u0022296\u0022 height=\u0022242\u0022\/\u003E\n                  \u003Csource srcset=\u0022\/sites\/default\/files\/styles\/teaser_standard__l\/public\/aurora\/2025\/07\/458161.jpeg.webp?itok=PbEd2v6N 1x\u0022 media=\u0022(min-width: 64.0625em)\u0022 type=\u0022image\/webp\u0022 width=\u0022186\u0022 height=\u0022152\u0022\/\u003E\n                  \u003Csource srcset=\u0022\/sites\/default\/files\/styles\/teaser_standard__m\/public\/aurora\/2025\/07\/458161.jpeg?itok=0tRufULG 1x\u0022 media=\u0022(min-width: 48.0625em) and (max-width: 64em)\u0022 type=\u0022image\/jpeg\u0022 width=\u0022296\u0022 height=\u0022242\u0022\/\u003E\n                  \u003Csource srcset=\u0022\/sites\/default\/files\/styles\/teaser_standard__l\/public\/aurora\/2025\/07\/458161.jpeg?itok=uZBrzdL7 1x\u0022 media=\u0022(min-width: 64.0625em)\u0022 type=\u0022image\/jpeg\u0022 width=\u0022186\u0022 height=\u0022152\u0022\/\u003E\n                          \u003Cimg loading=\u0022eager\u0022 data-caption-hide width=\u0022486\u0022 height=\u0022398\u0022 data-zoomed=\u0022https:\/\/www.diekaelte.de\/sites\/default\/files\/styles\/content__zoomed\/public\/aurora\/2025\/07\/458161.jpeg?itok=xIGL4AMo\u0022 src=\u0022\/sites\/default\/files\/styles\/teaser_standard__s\/public\/aurora\/2025\/07\/458161.jpeg?itok=ATTS4v8y\u0022 title=\u0022Vier rechteckige silberne Metall-Luftkan\u00e4le in verschiedenen Gr\u00f6\u00dfen sind vor einem wei\u00dfen Hintergrund abgebildet. - \u00a9 Bild: BerlinerLuft\u0022 \/\u003E\n\n    \u003C\/picture\u003E\n      \u003Cfigcaption class=\u0022image--figcaption\u0022\u003E\n          \u003Cdiv class=\u0022copyright\u0022\u003EBild: BerlinerLuft\u003C\/div\u003E\n          \u003C\/figcaption\u003E\n\u003C\/figure\u003E\n\n\n    \u003C\/div\u003E\n    \u003Cdiv class=\u0022teaser-content\u0022\u003E\n                    \u003Cdiv class=\u0022teaser-content--kicker\u0022\u003E\n                    BerlinerLuft\n\n        \u003C\/div\u003E\n                                              \n                        \n        \u003Ch4 class=\u0022teaser-content--headline\u0022\u003E\n                                Luftkanal f\u00fcr sensible \n                              \u003Cspan class=\u0022headline-last-word-arrow\u0022\u003EEinsatzbereiche              \u003Cspan\n                  class=\u0022permission-lock permission-lock-icon--lock\u0022\u003E\u003C\/span\u003E\n                                  \u003C\/span\u003E\n        \u003C\/h4\u003E\n            \u003Cdiv class=\u0022teaser-content--publishing-date\u0022\u003E\u003Ctime datetime=\u00222025-07-01T12:11:00Z\u0022\u003E01.07.2025\u003C\/time\u003E\n\u003C\/div\u003E\u003Cspan class=\u0022teaser-content--publishing-date-divider\u0022\u003E - \u003C\/span\u003E\u003Cdiv class=\u0022teaser-content--body\u0022\u003E  \u003Cp\u003EEin neuer geschwei\u00dfter Luftkanal erf\u00fcllt die Anforderungen der VDI\u20096022 und DIN 1946-4 und eignet sich damit f\u00fcr hygienisch sensible Einsatzbereiche wie Reinr\u00e4ume, Labore und Krankenh\u00e4user. Die luftdichte Ausf\u00fchrung besteht aus verzinktem Stahl, ist allseitig verschwei\u00dft und innen mit einer...\u003C\/p\u003E\n\n\n\u003C\/div\u003E\n                        \u003Cspan class=\u0022read-more-arrow-container\u0022\u003E\n            \u003Cspan class=\u0022read-more-angled-arrow\u0022\u003E \u003C\/span\u003E\n          \u003C\/span\u003E\n                  \u003C\/div\u003E\n    \u003C\/a\u003E\n","entity_type":"node","used_ids":["",256674,256675,256673,253718,253717,253716,249711,249710,249709,249708,246388,246387,246386,245219,245220,245218,245217,243472,243471],"show_more":"\u003Cdiv class=\u0022del-show-more\u0022\u003E\u003Ca href=\u0022\/ajax\/del\/f0672cab-6c0d-4ded-8ebd-ccc66bee34fb\/paragraph\/20\/19\/asc\/eyJub2RlIjp7ImlkIjoiMTkyODkxIiwidHlwZSI6InBhZ2UifX0%3D\u0022 title=\u0022Mehr Elemente anzeigen\u0022 class=\u0022del-show-more-link use-ajax\u0022 rel=\u0022nofollow\u0022 data-target-type=\u0022node\u0022 aria-controls=\u0022del--paragraph-674106--content\u0022 aria-label=\u0022Mehr Elemente anzeigen\u0022\u003EMehr anzeigen\u003C\/a\u003E\u003C\/div\u003E\n"}]