[{"command":"settings","settings":{"pluralDelimiter":"\u0003","suppressDeprecationErrors":true,"ajaxPageState":{"libraries":"eJxLzi9K1S_ITC4pLUpNy8zJ0UmpzEvMzUyOT80rySypjM_JLC7RL87IL4_PBaoEALH_EqY","theme":"ivory","theme_token":null},"ajaxTrustedUrl":[],"user":{"uid":0,"permissionsHash":"9c975576f1b96e43d31b3ff34c1ca6b53b6096ff14d83974ef00f2d68011e8fb"}},"merge":true},{"command":"add_css","data":[{"rel":"stylesheet","media":"all","href":"\/core\/themes\/stable9\/css\/core\/components\/progress.module.css?te7139"},{"rel":"stylesheet","media":"all","href":"\/core\/themes\/stable9\/css\/core\/components\/ajax-progress.module.css?te7139"},{"rel":"stylesheet","media":"all","href":"\/themes\/contrib\/gin\/dist\/css\/components\/ajax.css?te7139"}]},{"command":"add_js","selector":"body","data":[{"src":"\/core\/assets\/vendor\/jquery\/jquery.min.js?v=4.0.0"},{"src":"\/sites\/default\/files\/js\/js_Xu9-RUcUkmz9rej0V9CLnBurhzyWHDCbXIdEQUnTs84.js?scope=footer\u0026delta=1\u0026language=de-kk\u0026theme=ivory\u0026include=eJxLqcxLzM1Mjk_NK8ksqYzPySwu0S_OyC-Pz80vSgUAtBcL_w"}]},{"command":"showMoreTeasers","id":"del--paragraph-671730","content":"\u003Ca href=\u0022\/klimatechnik\/vertiv-perimeter-kuehlsystem-fuer-rechenzentren\u0022  class=\u0022teaser teaser--standard\u0022 aria-label=\u0022Perimeter-K\u00fchlsystem f\u00fcr Rechenzentren\r\u0022\u003E\n      \u003Cdiv class=\u0022teaser-content--image\u0022\u003E\n        \u003Cfigure class=\u0022image--figure\u0022\u003E\n        \u003Cpicture\u003E\n                        \u003Csource srcset=\u0022\/sites\/default\/files\/styles\/teaser_standard__m\/public\/aurora\/2026\/03\/524953.jpeg.webp?itok=rIzI_of3 1x\u0022 media=\u0022(min-width: 48.0625em) and (max-width: 64em)\u0022 type=\u0022image\/webp\u0022 width=\u0022180\u0022 height=\u0022242\u0022\/\u003E\n                  \u003Csource srcset=\u0022\/sites\/default\/files\/styles\/teaser_standard__l\/public\/aurora\/2026\/03\/524953.jpeg.webp?itok=e4N175vF 1x\u0022 media=\u0022(min-width: 64.0625em)\u0022 type=\u0022image\/webp\u0022 width=\u0022113\u0022 height=\u0022152\u0022\/\u003E\n                  \u003Csource srcset=\u0022\/sites\/default\/files\/styles\/teaser_standard__m\/public\/aurora\/2026\/03\/524953.jpeg?itok=XgeagYix 1x\u0022 media=\u0022(min-width: 48.0625em) and (max-width: 64em)\u0022 type=\u0022image\/jpeg\u0022 width=\u0022180\u0022 height=\u0022242\u0022\/\u003E\n                  \u003Csource srcset=\u0022\/sites\/default\/files\/styles\/teaser_standard__l\/public\/aurora\/2026\/03\/524953.jpeg?itok=2mJnKu7r 1x\u0022 media=\u0022(min-width: 64.0625em)\u0022 type=\u0022image\/jpeg\u0022 width=\u0022113\u0022 height=\u0022152\u0022\/\u003E\n                          \u003Cimg loading=\u0022eager\u0022 data-caption-hide width=\u0022295\u0022 height=\u0022398\u0022 data-zoomed=\u0022https:\/\/www.diekaelte.de\/sites\/default\/files\/styles\/content__zoomed\/public\/aurora\/2026\/03\/524953.jpeg?itok=b4cmcufh\u0022 src=\u0022\/sites\/default\/files\/styles\/teaser_standard__s\/public\/aurora\/2026\/03\/524953.jpeg?itok=4u32oRb5\u0022 title=\u0022Gro\u00dfes schwarzes Vertiv CoolPhase Perimeter-K\u00fchlger\u00e4t mit Bedienfeld und Notausschalter. - \u00a9 Bild: Vertiv\u0022 \/\u003E\n\n    \u003C\/picture\u003E\n      \u003Cfigcaption class=\u0022image--figcaption\u0022\u003E\n          \u003Cdiv class=\u0022copyright\u0022\u003EBild: Vertiv\u003C\/div\u003E\n          \u003C\/figcaption\u003E\n\u003C\/figure\u003E\n\n\n    \u003C\/div\u003E\n    \u003Cdiv class=\u0022teaser-content\u0022\u003E\n                    \u003Cdiv class=\u0022teaser-content--kicker\u0022\u003E\n                    Vertiv\n\n        \u003C\/div\u003E\n                                              \n                        \n        \u003Ch4 class=\u0022teaser-content--headline\u0022\u003E\n                                Perimeter-K\u00fchlsystem f\u00fcr \n                              \u003Cspan class=\u0022headline-last-word-arrow\u0022\u003ERechenzentren              \u003Cspan\n                  class=\u0022permission-lock permission-lock-icon--lock\u0022\u003E\u003C\/span\u003E\n                                  \u003C\/span\u003E\n        \u003C\/h4\u003E\n            \u003Cdiv class=\u0022teaser-content--publishing-date\u0022\u003E\u003Ctime datetime=\u00222026-03-31T07:42:06Z\u0022\u003E31.03.2026\u003C\/time\u003E\n\u003C\/div\u003E\u003Cspan class=\u0022teaser-content--publishing-date-divider\u0022\u003E - \u003C\/span\u003E\u003Cdiv class=\u0022teaser-content--body\u0022\u003E  \u003Cp\u003EVertiv hat die luftgek\u00fchlte Reihe CoolPhase Perimeter PAM um Systeme mit integriertem EconoPhase Pumped Refrigerant Economizer (PRE) sowie den CoolPhase Condenser erg\u00e4nzt. Die f\u00fcr kleine bis mittlere Rechenzentren und Edge-Anwendungen in der EMEA-Region ausgelegte L\u00f6sung zielt auf eine Verbesserung...\u003C\/p\u003E\n\n\n\u003C\/div\u003E\n                        \u003Cspan class=\u0022read-more-arrow-container\u0022\u003E\n            \u003Cspan class=\u0022read-more-angled-arrow\u0022\u003E \u003C\/span\u003E\n          \u003C\/span\u003E\n                  \u003C\/div\u003E\n    \u003C\/a\u003E\n\u003Ca href=\u0022\/klimatechnik\/weiss-technik-sensorik-fuer-die-batteriefertigung\u0022  class=\u0022teaser teaser--standard\u0022 aria-label=\u0022Sensorik f\u00fcr die Batteriefertigung\r\u0022\u003E\n      \u003Cdiv class=\u0022teaser-content--image\u0022\u003E\n        \u003Cfigure class=\u0022image--figure\u0022\u003E\n        \u003Cpicture\u003E\n                        \u003Csource srcset=\u0022\/sites\/default\/files\/styles\/teaser_standard__m\/public\/aurora\/2026\/03\/524955.jpeg.webp?itok=N7oj_wUQ 1x\u0022 media=\u0022(min-width: 48.0625em) and (max-width: 64em)\u0022 type=\u0022image\/webp\u0022 width=\u0022323\u0022 height=\u0022237\u0022\/\u003E\n                  \u003Csource srcset=\u0022\/sites\/default\/files\/styles\/teaser_standard__l\/public\/aurora\/2026\/03\/524955.jpeg.webp?itok=_DYcGv_T 1x\u0022 media=\u0022(min-width: 64.0625em)\u0022 type=\u0022image\/webp\u0022 width=\u0022203\u0022 height=\u0022149\u0022\/\u003E\n                  \u003Csource srcset=\u0022\/sites\/default\/files\/styles\/teaser_standard__m\/public\/aurora\/2026\/03\/524955.jpeg?itok=ANDYgT7E 1x\u0022 media=\u0022(min-width: 48.0625em) and (max-width: 64em)\u0022 type=\u0022image\/jpeg\u0022 width=\u0022323\u0022 height=\u0022237\u0022\/\u003E\n                  \u003Csource srcset=\u0022\/sites\/default\/files\/styles\/teaser_standard__l\/public\/aurora\/2026\/03\/524955.jpeg?itok=qL1vpc8z 1x\u0022 media=\u0022(min-width: 64.0625em)\u0022 type=\u0022image\/jpeg\u0022 width=\u0022203\u0022 height=\u0022149\u0022\/\u003E\n                          \u003Cimg loading=\u0022eager\u0022 data-caption-hide width=\u0022542\u0022 height=\u0022398\u0022 data-zoomed=\u0022https:\/\/www.diekaelte.de\/sites\/default\/files\/styles\/content__zoomed\/public\/aurora\/2026\/03\/524955.jpeg?itok=sxG9FSYg\u0022 src=\u0022\/sites\/default\/files\/styles\/teaser_standard__s\/public\/aurora\/2026\/03\/524955.jpeg?itok=4agpKyoO\u0022 title=\u0022Schema von zwei Mini-Umgebungen mit Roboterarmen, die Kisten unter bel\u00fcfteten, kontrollierten Bedingungen handhaben. - \u00a9 Bild: Weiss Technik\u0022 \/\u003E\n\n    \u003C\/picture\u003E\n      \u003Cfigcaption class=\u0022image--figcaption\u0022\u003E\n          \u003Cdiv class=\u0022copyright\u0022\u003EBild: Weiss Technik\u003C\/div\u003E\n          \u003C\/figcaption\u003E\n\u003C\/figure\u003E\n\n\n    \u003C\/div\u003E\n    \u003Cdiv class=\u0022teaser-content\u0022\u003E\n                    \u003Cdiv class=\u0022teaser-content--kicker\u0022\u003E\n                    Weiss Technik\n\n        \u003C\/div\u003E\n                                              \n                        \n        \u003Ch4 class=\u0022teaser-content--headline\u0022\u003E\n                                Sensorik f\u00fcr die \n                              \u003Cspan class=\u0022headline-last-word-arrow\u0022\u003EBatteriefertigung              \u003Cspan\n                  class=\u0022permission-lock permission-lock-icon--lock\u0022\u003E\u003C\/span\u003E\n                                  \u003C\/span\u003E\n        \u003C\/h4\u003E\n            \u003Cdiv class=\u0022teaser-content--publishing-date\u0022\u003E\u003Ctime datetime=\u00222026-03-31T07:42:05Z\u0022\u003E31.03.2026\u003C\/time\u003E\n\u003C\/div\u003E\u003Cspan class=\u0022teaser-content--publishing-date-divider\u0022\u003E - \u003C\/span\u003E\u003Cdiv class=\u0022teaser-content--body\u0022\u003E  \u003Cp\u003EDie Herstellung von Lithium-Ionen-Batteriezellen erfordert in kritischen Produktionsschritten eine extrem niedrige Luftfeuchtigkeit, um die elektrochemische Stabilit\u00e4t der Zellen zu sichern. \u00dcblich sind Taupunkte unter -60\u2009\u00b0C. Statt kompletter R\u00e4ume werden zunehmend lokal begrenzte Rein- und...\u003C\/p\u003E\n\n\n\u003C\/div\u003E\n                        \u003Cspan class=\u0022read-more-arrow-container\u0022\u003E\n            \u003Cspan class=\u0022read-more-angled-arrow\u0022\u003E \u003C\/span\u003E\n          \u003C\/span\u003E\n                  \u003C\/div\u003E\n    \u003C\/a\u003E\n\u003Ca href=\u0022\/klimatechnik\/stulz-serverkuehlung-durch-die-hintertuer\u0022  class=\u0022teaser teaser--standard\u0022 aria-label=\u0022Serverk\u00fchlung durch die Hintert\u00fcr\r\u0022\u003E\n      \u003Cdiv class=\u0022teaser-content--image\u0022\u003E\n        \u003Cfigure class=\u0022image--figure\u0022\u003E\n        \u003Cpicture\u003E\n                        \u003Csource srcset=\u0022\/sites\/default\/files\/styles\/teaser_standard__m\/public\/aurora\/2026\/03\/524957.jpeg.webp?itok=9DSpp_f4 1x\u0022 media=\u0022(min-width: 48.0625em) and (max-width: 64em)\u0022 type=\u0022image\/webp\u0022 width=\u0022176\u0022 height=\u0022242\u0022\/\u003E\n                  \u003Csource srcset=\u0022\/sites\/default\/files\/styles\/teaser_standard__l\/public\/aurora\/2026\/03\/524957.jpeg.webp?itok=IBimIahu 1x\u0022 media=\u0022(min-width: 64.0625em)\u0022 type=\u0022image\/webp\u0022 width=\u0022111\u0022 height=\u0022152\u0022\/\u003E\n                  \u003Csource srcset=\u0022\/sites\/default\/files\/styles\/teaser_standard__m\/public\/aurora\/2026\/03\/524957.jpeg?itok=5q8gIB9l 1x\u0022 media=\u0022(min-width: 48.0625em) and (max-width: 64em)\u0022 type=\u0022image\/jpeg\u0022 width=\u0022176\u0022 height=\u0022242\u0022\/\u003E\n                  \u003Csource srcset=\u0022\/sites\/default\/files\/styles\/teaser_standard__l\/public\/aurora\/2026\/03\/524957.jpeg?itok=QrAmnyp3 1x\u0022 media=\u0022(min-width: 64.0625em)\u0022 type=\u0022image\/jpeg\u0022 width=\u0022111\u0022 height=\u0022152\u0022\/\u003E\n                          \u003Cimg loading=\u0022eager\u0022 data-caption-hide width=\u0022290\u0022 height=\u0022398\u0022 data-zoomed=\u0022https:\/\/www.diekaelte.de\/sites\/default\/files\/styles\/content__zoomed\/public\/aurora\/2026\/03\/524957.jpeg?itok=UhrdlNcP\u0022 src=\u0022\/sites\/default\/files\/styles\/teaser_standard__s\/public\/aurora\/2026\/03\/524957.jpeg?itok=s0abrczj\u0022 title=\u0022Gro\u00dfes schwarzes Serverraum-K\u00fchlger\u00e4t mit vier gro\u00dfen runden L\u00fcftungs\u00f6ffnungen und einem Bedienfeld auf der Vorderseite. - \u00a9 Bild: Stulz\u0022 \/\u003E\n\n    \u003C\/picture\u003E\n      \u003Cfigcaption class=\u0022image--figcaption\u0022\u003E\n          \u003Cdiv class=\u0022copyright\u0022\u003EBild: Stulz\u003C\/div\u003E\n          \u003C\/figcaption\u003E\n\u003C\/figure\u003E\n\n\n    \u003C\/div\u003E\n    \u003Cdiv class=\u0022teaser-content\u0022\u003E\n                    \u003Cdiv class=\u0022teaser-content--kicker\u0022\u003E\n                    Stulz\n\n        \u003C\/div\u003E\n                                              \n                        \n        \u003Ch4 class=\u0022teaser-content--headline\u0022\u003E\n                                Serverk\u00fchlung durch die \n                              \u003Cspan class=\u0022headline-last-word-arrow\u0022\u003EHintert\u00fcr              \u003Cspan\n                  class=\u0022permission-lock permission-lock-icon--lock\u0022\u003E\u003C\/span\u003E\n                                  \u003C\/span\u003E\n        \u003C\/h4\u003E\n            \u003Cdiv class=\u0022teaser-content--publishing-date\u0022\u003E\u003Ctime datetime=\u00222026-03-31T07:42:04Z\u0022\u003E31.03.2026\u003C\/time\u003E\n\u003C\/div\u003E\u003Cspan class=\u0022teaser-content--publishing-date-divider\u0022\u003E - \u003C\/span\u003E\u003Cdiv class=\u0022teaser-content--body\u0022\u003E  \u003Cp\u003EStulz bietet mit der CyberRack Active Rear Door eine W\u00e4rme\u00fcbertrager-T\u00fcr mit EC-Ventilatoren zur Montage an der R\u00fcckseite von Serverracks. Das System erreicht eine K\u00fchlleistung von bis zu 49\u2009kW pro Rack und f\u00fchrt die Abw\u00e4rme direkt am Entstehungsort ab. Durch die gezielte K\u00fchlung sind h\u00f6here...\u003C\/p\u003E\n\n\n\u003C\/div\u003E\n                        \u003Cspan class=\u0022read-more-arrow-container\u0022\u003E\n            \u003Cspan class=\u0022read-more-angled-arrow\u0022\u003E \u003C\/span\u003E\n          \u003C\/span\u003E\n                  \u003C\/div\u003E\n    \u003C\/a\u003E\n\u003Ca href=\u0022\/klimatechnik\/gea-software-fuer-waerme-und-kaeltesysteme\u0022  class=\u0022teaser teaser--standard\u0022 aria-label=\u0022Software f\u00fcr W\u00e4rme- und K\u00e4ltesysteme\r\u0022\u003E\n      \u003Cdiv class=\u0022teaser-content--image\u0022\u003E\n        \u003Cfigure class=\u0022image--figure\u0022\u003E\n        \u003Cpicture\u003E\n                        \u003Csource srcset=\u0022\/sites\/default\/files\/styles\/teaser_standard__m\/public\/aurora\/2026\/03\/516715.jpeg.webp?itok=HsyEP8on 1x\u0022 media=\u0022(min-width: 48.0625em) and (max-width: 64em)\u0022 type=\u0022image\/webp\u0022 width=\u0022282\u0022 height=\u0022242\u0022\/\u003E\n                  \u003Csource srcset=\u0022\/sites\/default\/files\/styles\/teaser_standard__l\/public\/aurora\/2026\/03\/516715.jpeg.webp?itok=X4-BdfSu 1x\u0022 media=\u0022(min-width: 64.0625em)\u0022 type=\u0022image\/webp\u0022 width=\u0022177\u0022 height=\u0022152\u0022\/\u003E\n                  \u003Csource srcset=\u0022\/sites\/default\/files\/styles\/teaser_standard__m\/public\/aurora\/2026\/03\/516715.jpeg?itok=idWVXErz 1x\u0022 media=\u0022(min-width: 48.0625em) and (max-width: 64em)\u0022 type=\u0022image\/jpeg\u0022 width=\u0022282\u0022 height=\u0022242\u0022\/\u003E\n                  \u003Csource srcset=\u0022\/sites\/default\/files\/styles\/teaser_standard__l\/public\/aurora\/2026\/03\/516715.jpeg?itok=D2KBeZGq 1x\u0022 media=\u0022(min-width: 64.0625em)\u0022 type=\u0022image\/jpeg\u0022 width=\u0022177\u0022 height=\u0022152\u0022\/\u003E\n                          \u003Cimg loading=\u0022eager\u0022 data-caption-hide width=\u0022465\u0022 height=\u0022398\u0022 data-zoomed=\u0022https:\/\/www.diekaelte.de\/sites\/default\/files\/styles\/content__zoomed\/public\/aurora\/2026\/03\/516715.jpeg?itok=I3Y8I6R7\u0022 src=\u0022\/sites\/default\/files\/styles\/teaser_standard__s\/public\/aurora\/2026\/03\/516715.jpeg?itok=x0h0Yohu\u0022 title=\u0022Eine Person in Gesch\u00e4ftskleidung h\u00e4lt ein Tablet mit Diagrammen und Grafiken in einer modernen B\u00fcroumgebung. - \u00a9 Bild: GEA\u0022 \/\u003E\n\n    \u003C\/picture\u003E\n      \u003Cfigcaption class=\u0022image--figcaption\u0022\u003E\n          \u003Cdiv class=\u0022copyright\u0022\u003EBild: GEA\u003C\/div\u003E\n          \u003C\/figcaption\u003E\n\u003C\/figure\u003E\n\n\n    \u003C\/div\u003E\n    \u003Cdiv class=\u0022teaser-content\u0022\u003E\n                    \u003Cdiv class=\u0022teaser-content--kicker\u0022\u003E\n                    GEA\n\n        \u003C\/div\u003E\n                                              \n                        \n        \u003Ch4 class=\u0022teaser-content--headline\u0022\u003E\n                                Software f\u00fcr W\u00e4rme- und \n                              \u003Cspan class=\u0022headline-last-word-arrow\u0022\u003EK\u00e4ltesysteme              \u003Cspan\n                  class=\u0022permission-lock permission-lock-icon--lock\u0022\u003E\u003C\/span\u003E\n                                  \u003C\/span\u003E\n        \u003C\/h4\u003E\n            \u003Cdiv class=\u0022teaser-content--publishing-date\u0022\u003E\u003Ctime datetime=\u00222026-03-03T08:54:28Z\u0022\u003E03.03.2026\u003C\/time\u003E\n\u003C\/div\u003E\u003Cspan class=\u0022teaser-content--publishing-date-divider\u0022\u003E - \u003C\/span\u003E\u003Cdiv class=\u0022teaser-content--body\u0022\u003E  \u003Cp\u003EGEA bietet mit OptiPartner Blu-Red Energy eine digitale Softwarel\u00f6sung f\u00fcr W\u00e4rme- und K\u00e4ltesysteme. Die cloudbasierte Webanwendung optimiert die Leistung von Kompressoren, K\u00e4ltemaschinen, W\u00e4rmepumpen und kompletten K\u00e4lteanlagen in Echtzeit. Die L\u00f6sung nutzt k\u00fcnstliche Intelligenz und maschinelles...\u003C\/p\u003E\n\n\n\u003C\/div\u003E\n                        \u003Cspan class=\u0022read-more-arrow-container\u0022\u003E\n            \u003Cspan class=\u0022read-more-angled-arrow\u0022\u003E \u003C\/span\u003E\n          \u003C\/span\u003E\n                  \u003C\/div\u003E\n    \u003C\/a\u003E\n\u003Ca href=\u0022\/klimatechnik\/weiss-klimatechnik-kuehlsystem-fuer-rechenzentren\u0022  class=\u0022teaser teaser--standard\u0022 aria-label=\u0022K\u00fchlsystem f\u00fcr Rechenzentren\r\u0022\u003E\n      \u003Cdiv class=\u0022teaser-content--image\u0022\u003E\n        \u003Cfigure class=\u0022image--figure\u0022\u003E\n        \u003Cpicture\u003E\n                        \u003Csource srcset=\u0022\/sites\/default\/files\/styles\/teaser_standard__m\/public\/aurora\/2026\/03\/516717.jpeg.webp?itok=sqV-NA1A 1x\u0022 media=\u0022(min-width: 48.0625em) and (max-width: 64em)\u0022 type=\u0022image\/webp\u0022 width=\u0022315\u0022 height=\u0022242\u0022\/\u003E\n                  \u003Csource srcset=\u0022\/sites\/default\/files\/styles\/teaser_standard__l\/public\/aurora\/2026\/03\/516717.jpeg.webp?itok=jASm5dce 1x\u0022 media=\u0022(min-width: 64.0625em)\u0022 type=\u0022image\/webp\u0022 width=\u0022198\u0022 height=\u0022152\u0022\/\u003E\n                  \u003Csource srcset=\u0022\/sites\/default\/files\/styles\/teaser_standard__m\/public\/aurora\/2026\/03\/516717.jpeg?itok=fAw_UceC 1x\u0022 media=\u0022(min-width: 48.0625em) and (max-width: 64em)\u0022 type=\u0022image\/jpeg\u0022 width=\u0022315\u0022 height=\u0022242\u0022\/\u003E\n                  \u003Csource srcset=\u0022\/sites\/default\/files\/styles\/teaser_standard__l\/public\/aurora\/2026\/03\/516717.jpeg?itok=jrDMIIFK 1x\u0022 media=\u0022(min-width: 64.0625em)\u0022 type=\u0022image\/jpeg\u0022 width=\u0022198\u0022 height=\u0022152\u0022\/\u003E\n                          \u003Cimg loading=\u0022eager\u0022 data-caption-hide width=\u0022518\u0022 height=\u0022398\u0022 data-zoomed=\u0022https:\/\/www.diekaelte.de\/sites\/default\/files\/styles\/content__zoomed\/public\/aurora\/2026\/03\/516717.jpeg?itok=S3vA3dKh\u0022 src=\u0022\/sites\/default\/files\/styles\/teaser_standard__s\/public\/aurora\/2026\/03\/516717.jpeg?itok=d0V5dcMB\u0022 title=\u0022Gro\u00dfes industrielles K\u00fchlaggregat mit Metallgitterplatten, L\u00fcftern und einem vertikalen Bedienfeld auf wei\u00dfem Hintergrund. - \u00a9 Bild: Weiss\u0022 \/\u003E\n\n    \u003C\/picture\u003E\n      \u003Cfigcaption class=\u0022image--figcaption\u0022\u003E\n          \u003Cdiv class=\u0022copyright\u0022\u003EBild: Weiss\u003C\/div\u003E\n          \u003C\/figcaption\u003E\n\u003C\/figure\u003E\n\n\n    \u003C\/div\u003E\n    \u003Cdiv class=\u0022teaser-content\u0022\u003E\n                    \u003Cdiv class=\u0022teaser-content--kicker\u0022\u003E\n                    Weiss Klimatechnik\n\n        \u003C\/div\u003E\n                                              \n                        \n        \u003Ch4 class=\u0022teaser-content--headline\u0022\u003E\n                                K\u00fchlsystem f\u00fcr \n                              \u003Cspan class=\u0022headline-last-word-arrow\u0022\u003ERechenzentren              \u003Cspan\n                  class=\u0022permission-lock permission-lock-icon--lock\u0022\u003E\u003C\/span\u003E\n                                  \u003C\/span\u003E\n        \u003C\/h4\u003E\n            \u003Cdiv class=\u0022teaser-content--publishing-date\u0022\u003E\u003Ctime datetime=\u00222026-03-03T08:54:27Z\u0022\u003E03.03.2026\u003C\/time\u003E\n\u003C\/div\u003E\u003Cspan class=\u0022teaser-content--publishing-date-divider\u0022\u003E - \u003C\/span\u003E\u003Cdiv class=\u0022teaser-content--body\u0022\u003E  \u003Cp\u003EWeiss Klimatechnik bietet mit CoolW@ll eine K\u00fchll\u00f6sung f\u00fcr Serverr\u00e4ume und Inhouse-Rechenzentren. Das System erm\u00f6glicht Energieeinsparungen von bis zu 25\u2009%, die durch vergr\u00f6\u00dferte W\u00e4rmetauscherfl\u00e4chen und eine optimierte Luftf\u00fchrung erreicht werden. Die Ventilatoren sind platzsparend im Doppelboden...\u003C\/p\u003E\n\n\n\u003C\/div\u003E\n                        \u003Cspan class=\u0022read-more-arrow-container\u0022\u003E\n            \u003Cspan class=\u0022read-more-angled-arrow\u0022\u003E \u003C\/span\u003E\n          \u003C\/span\u003E\n                  \u003C\/div\u003E\n    \u003C\/a\u003E\n\u003Ca href=\u0022\/klimatechnik\/clivet-geblaesekonvektoren-fuer-die-zwischendecke\u0022  class=\u0022teaser teaser--standard\u0022 aria-label=\u0022Gebl\u00e4sekonvektoren f\u00fcr die Zwischendecke\r\u0022\u003E\n      \u003Cdiv class=\u0022teaser-content--image\u0022\u003E\n        \u003Cfigure class=\u0022image--figure\u0022\u003E\n        \u003Cpicture\u003E\n                        \u003Csource srcset=\u0022\/sites\/default\/files\/styles\/teaser_standard__m\/public\/aurora\/2025\/11\/489720.jpeg.webp?itok=hedz4U-j 1x\u0022 media=\u0022(min-width: 48.0625em) and (max-width: 64em)\u0022 type=\u0022image\/webp\u0022 width=\u0022319\u0022 height=\u0022242\u0022\/\u003E\n                  \u003Csource srcset=\u0022\/sites\/default\/files\/styles\/teaser_standard__l\/public\/aurora\/2025\/11\/489720.jpeg.webp?itok=reY77slr 1x\u0022 media=\u0022(min-width: 64.0625em)\u0022 type=\u0022image\/webp\u0022 width=\u0022200\u0022 height=\u0022152\u0022\/\u003E\n                  \u003Csource srcset=\u0022\/sites\/default\/files\/styles\/teaser_standard__m\/public\/aurora\/2025\/11\/489720.jpeg?itok=kCSztK_n 1x\u0022 media=\u0022(min-width: 48.0625em) and (max-width: 64em)\u0022 type=\u0022image\/jpeg\u0022 width=\u0022319\u0022 height=\u0022242\u0022\/\u003E\n                  \u003Csource srcset=\u0022\/sites\/default\/files\/styles\/teaser_standard__l\/public\/aurora\/2025\/11\/489720.jpeg?itok=jTyoucjp 1x\u0022 media=\u0022(min-width: 64.0625em)\u0022 type=\u0022image\/jpeg\u0022 width=\u0022200\u0022 height=\u0022152\u0022\/\u003E\n                          \u003Cimg loading=\u0022eager\u0022 data-caption-hide width=\u0022524\u0022 height=\u0022398\u0022 data-zoomed=\u0022https:\/\/www.diekaelte.de\/sites\/default\/files\/styles\/content__zoomed\/public\/aurora\/2025\/11\/489720.jpeg?itok=j0anKCqJ\u0022 src=\u0022\/sites\/default\/files\/styles\/teaser_standard__s\/public\/aurora\/2025\/11\/489720.jpeg?itok=4qzCQNXK\u0022 title=\u0022Rechteckige HVAC-Kanaleinheit aus Metall mit drei kreisf\u00f6rmigen Entl\u00fcftungs\u00f6ffnungen auf einer abnehmbaren Platte, gesehen auf wei\u00dfem Hintergrund. - \u00a9 Bild: Clivet\u0022 \/\u003E\n\n    \u003C\/picture\u003E\n      \u003Cfigcaption class=\u0022image--figcaption\u0022\u003E\n          \u003Cdiv class=\u0022copyright\u0022\u003EBild: Clivet\u003C\/div\u003E\n          \u003C\/figcaption\u003E\n\u003C\/figure\u003E\n\n\n    \u003C\/div\u003E\n    \u003Cdiv class=\u0022teaser-content\u0022\u003E\n                    \u003Cdiv class=\u0022teaser-content--kicker\u0022\u003E\n                    Clivet\n\n        \u003C\/div\u003E\n                                              \n                        \n        \u003Ch4 class=\u0022teaser-content--headline\u0022\u003E\n                                Gebl\u00e4sekonvektoren f\u00fcr die \n                              \u003Cspan class=\u0022headline-last-word-arrow\u0022\u003EZwischendecke              \u003Cspan\n                  class=\u0022permission-lock permission-lock-icon--lock\u0022\u003E\u003C\/span\u003E\n                                  \u003C\/span\u003E\n        \u003C\/h4\u003E\n            \u003Cdiv class=\u0022teaser-content--publishing-date\u0022\u003E\u003Ctime datetime=\u00222025-11-04T10:17:55Z\u0022\u003E04.11.2025\u003C\/time\u003E\n\u003C\/div\u003E\u003Cspan class=\u0022teaser-content--publishing-date-divider\u0022\u003E - \u003C\/span\u003E\u003Cdiv class=\u0022teaser-content--body\u0022\u003E  \u003Cp\u003EClivet bietet mit der Serie Larice kanalisierbare Gebl\u00e4sekonvektoren f\u00fcr die Installation in Zwischendecken an. Die vier Modelle DUA-M1, DUE-M1, DUA-H1 und DUE-H1 verf\u00fcgen \u00fcber eine Bauh\u00f6he ab 248\u2009mm. Ein b\u00fcrstenloser Motor erm\u00f6glicht einen Betrieb ab 27\u2009dB(A) und soll Energieeinsparungen von bis zu...\u003C\/p\u003E\n\n\n\u003C\/div\u003E\n                        \u003Cspan class=\u0022read-more-arrow-container\u0022\u003E\n            \u003Cspan class=\u0022read-more-angled-arrow\u0022\u003E \u003C\/span\u003E\n          \u003C\/span\u003E\n                  \u003C\/div\u003E\n    \u003C\/a\u003E\n\u003Ca href=\u0022\/klimatechnik\/kaut-konfiguration-app\u0022  class=\u0022teaser teaser--standard\u0022 aria-label=\u0022Konfiguration per App\r\u0022\u003E\n      \u003Cdiv class=\u0022teaser-content--image\u0022\u003E\n        \u003Cfigure class=\u0022image--figure\u0022\u003E\n        \u003Cpicture\u003E\n                        \u003Csource srcset=\u0022\/sites\/default\/files\/styles\/teaser_standard__m\/public\/aurora\/2025\/11\/489723.jpeg.webp?itok=emoLeYtR 1x\u0022 media=\u0022(min-width: 48.0625em) and (max-width: 64em)\u0022 type=\u0022image\/webp\u0022 width=\u0022308\u0022 height=\u0022242\u0022\/\u003E\n                  \u003Csource srcset=\u0022\/sites\/default\/files\/styles\/teaser_standard__l\/public\/aurora\/2025\/11\/489723.jpeg.webp?itok=XTX58cs- 1x\u0022 media=\u0022(min-width: 64.0625em)\u0022 type=\u0022image\/webp\u0022 width=\u0022194\u0022 height=\u0022152\u0022\/\u003E\n                  \u003Csource srcset=\u0022\/sites\/default\/files\/styles\/teaser_standard__m\/public\/aurora\/2025\/11\/489723.jpeg?itok=dgNXnj9i 1x\u0022 media=\u0022(min-width: 48.0625em) and (max-width: 64em)\u0022 type=\u0022image\/jpeg\u0022 width=\u0022308\u0022 height=\u0022242\u0022\/\u003E\n                  \u003Csource srcset=\u0022\/sites\/default\/files\/styles\/teaser_standard__l\/public\/aurora\/2025\/11\/489723.jpeg?itok=8_WPfank 1x\u0022 media=\u0022(min-width: 64.0625em)\u0022 type=\u0022image\/jpeg\u0022 width=\u0022194\u0022 height=\u0022152\u0022\/\u003E\n                          \u003Cimg loading=\u0022eager\u0022 data-caption-hide width=\u0022507\u0022 height=\u0022398\u0022 data-zoomed=\u0022https:\/\/www.diekaelte.de\/sites\/default\/files\/styles\/content__zoomed\/public\/aurora\/2025\/11\/489723.jpeg?itok=tm7Js1GV\u0022 src=\u0022\/sites\/default\/files\/styles\/teaser_standard__s\/public\/aurora\/2025\/11\/489723.jpeg?itok=Cj21ZlAF\u0022 title=\u0022Ein digitaler Thermostat und ein Smartphone mit Fernbedienungseinstellungen f\u00fcr Klimaanlagen. - \u00a9 Bild: Kaut\u0022 \/\u003E\n\n    \u003C\/picture\u003E\n      \u003Cfigcaption class=\u0022image--figcaption\u0022\u003E\n          \u003Cdiv class=\u0022copyright\u0022\u003EBild: Kaut\u003C\/div\u003E\n          \u003C\/figcaption\u003E\n\u003C\/figure\u003E\n\n\n    \u003C\/div\u003E\n    \u003Cdiv class=\u0022teaser-content\u0022\u003E\n                    \u003Cdiv class=\u0022teaser-content--kicker\u0022\u003E\n                    Kaut\n\n        \u003C\/div\u003E\n                                              \n                        \n        \u003Ch4 class=\u0022teaser-content--headline\u0022\u003E\n                                Konfiguration per \n                              \u003Cspan class=\u0022headline-last-word-arrow\u0022\u003EApp              \u003Cspan\n                  class=\u0022permission-lock permission-lock-icon--lock\u0022\u003E\u003C\/span\u003E\n                                  \u003C\/span\u003E\n        \u003C\/h4\u003E\n            \u003Cdiv class=\u0022teaser-content--publishing-date\u0022\u003E\u003Ctime datetime=\u00222025-11-04T10:17:55Z\u0022\u003E04.11.2025\u003C\/time\u003E\n\u003C\/div\u003E\u003Cspan class=\u0022teaser-content--publishing-date-divider\u0022\u003E - \u003C\/span\u003E\u003Cdiv class=\u0022teaser-content--body\u0022\u003E  \u003Cp\u003EHans Kaut vertreibt die Smartphone-App airCloud Tap von Hitachi zur Konfiguration und Wartung von Klimaanlagen des Herstellers. Mittels NFC-Technologie k\u00f6nnen Installateure und Techniker die Systeme kontaktlos \u00fcber das Smartphone einrichten, indem sie das Ger\u00e4t an eine kompatible Fernbedienung oder...\u003C\/p\u003E\n\n\n\u003C\/div\u003E\n                        \u003Cspan class=\u0022read-more-arrow-container\u0022\u003E\n            \u003Cspan class=\u0022read-more-angled-arrow\u0022\u003E \u003C\/span\u003E\n          \u003C\/span\u003E\n                  \u003C\/div\u003E\n    \u003C\/a\u003E\n\u003Ca href=\u0022\/klimatechnik\/panasonic-mit-smartphone-und-tablet\u0022  class=\u0022teaser teaser--standard\u0022 aria-label=\u0022Mit Smartphone und Tablet\r\u0022\u003E\n      \u003Cdiv class=\u0022teaser-content--image\u0022\u003E\n        \u003Cfigure class=\u0022image--figure\u0022\u003E\n        \u003Cpicture\u003E\n                        \u003Csource srcset=\u0022\/sites\/default\/files\/styles\/teaser_standard__m\/public\/aurora\/2025\/11\/489725.jpeg.webp?itok=53dkyI1X 1x\u0022 media=\u0022(min-width: 48.0625em) and (max-width: 64em)\u0022 type=\u0022image\/webp\u0022 width=\u0022323\u0022 height=\u0022228\u0022\/\u003E\n                  \u003Csource srcset=\u0022\/sites\/default\/files\/styles\/teaser_standard__l\/public\/aurora\/2025\/11\/489725.jpeg.webp?itok=lmREhDjN 1x\u0022 media=\u0022(min-width: 64.0625em)\u0022 type=\u0022image\/webp\u0022 width=\u0022203\u0022 height=\u0022144\u0022\/\u003E\n                  \u003Csource srcset=\u0022\/sites\/default\/files\/styles\/teaser_standard__m\/public\/aurora\/2025\/11\/489725.jpeg?itok=uibv6L62 1x\u0022 media=\u0022(min-width: 48.0625em) and (max-width: 64em)\u0022 type=\u0022image\/jpeg\u0022 width=\u0022323\u0022 height=\u0022228\u0022\/\u003E\n                  \u003Csource srcset=\u0022\/sites\/default\/files\/styles\/teaser_standard__l\/public\/aurora\/2025\/11\/489725.jpeg?itok=h5nog6Qw 1x\u0022 media=\u0022(min-width: 64.0625em)\u0022 type=\u0022image\/jpeg\u0022 width=\u0022203\u0022 height=\u0022144\u0022\/\u003E\n                          \u003Cimg loading=\u0022eager\u0022 data-caption-hide width=\u0022563\u0022 height=\u0022398\u0022 data-zoomed=\u0022https:\/\/www.diekaelte.de\/sites\/default\/files\/styles\/content__zoomed\/public\/aurora\/2025\/11\/489725.jpeg?itok=Iv034whb\u0022 src=\u0022\/sites\/default\/files\/styles\/teaser_standard__s\/public\/aurora\/2025\/11\/489725.jpeg?itok=HWYY8F36\u0022 title=\u0022Drei Smartphone-Bildschirme zeigen eine Heizungssteuerungs-App mit Temperatur- und Raumeinstellungen. - \u00a9 Bild: Panasonic\u0022 \/\u003E\n\n    \u003C\/picture\u003E\n      \u003Cfigcaption class=\u0022image--figcaption\u0022\u003E\n          \u003Cdiv class=\u0022copyright\u0022\u003EBild: Panasonic\u003C\/div\u003E\n          \u003C\/figcaption\u003E\n\u003C\/figure\u003E\n\n\n    \u003C\/div\u003E\n    \u003Cdiv class=\u0022teaser-content\u0022\u003E\n                    \u003Cdiv class=\u0022teaser-content--kicker\u0022\u003E\n                    Panasonic\n\n        \u003C\/div\u003E\n                                              \n                        \n        \u003Ch4 class=\u0022teaser-content--headline\u0022\u003E\n                                Mit Smartphone und \n                              \u003Cspan class=\u0022headline-last-word-arrow\u0022\u003ETablet              \u003Cspan\n                  class=\u0022permission-lock permission-lock-icon--lock\u0022\u003E\u003C\/span\u003E\n                                  \u003C\/span\u003E\n        \u003C\/h4\u003E\n            \u003Cdiv class=\u0022teaser-content--publishing-date\u0022\u003E\u003Ctime datetime=\u00222025-11-04T10:17:53Z\u0022\u003E04.11.2025\u003C\/time\u003E\n\u003C\/div\u003E\u003Cspan class=\u0022teaser-content--publishing-date-divider\u0022\u003E - \u003C\/span\u003E\u003Cdiv class=\u0022teaser-content--body\u0022\u003E  \u003Cp\u003EPanasonic bietet mit der Aquarea Home App eine L\u00f6sung zur Steuerung von Heiz- und K\u00fchlsystemen per Smartphone oder Tablet. Die f\u00fcr Android und iOS verf\u00fcgbare Anwendung erm\u00f6glicht die ortsunabh\u00e4ngige Steuerung und \u00dcberwachung von verschiedenen Ger\u00e4ten des Herstellers. Kompatibel sind unter anderem...\u003C\/p\u003E\n\n\n\u003C\/div\u003E\n                        \u003Cspan class=\u0022read-more-arrow-container\u0022\u003E\n            \u003Cspan class=\u0022read-more-angled-arrow\u0022\u003E \u003C\/span\u003E\n          \u003C\/span\u003E\n                  \u003C\/div\u003E\n    \u003C\/a\u003E\n\u003Ca href=\u0022\/klimatechnik\/zewotherm-klimageraete-im-wohn-und-gewerbebau\u0022  class=\u0022teaser teaser--standard\u0022 aria-label=\u0022Klimager\u00e4te im Wohn- und Gewerbebau\r\u0022\u003E\n      \u003Cdiv class=\u0022teaser-content--image\u0022\u003E\n        \u003Cfigure class=\u0022image--figure\u0022\u003E\n        \u003Cpicture\u003E\n                        \u003Csource srcset=\u0022\/sites\/default\/files\/styles\/teaser_standard__m\/public\/aurora\/2025\/11\/489728.jpeg.webp?itok=AHqneQlG 1x\u0022 media=\u0022(min-width: 48.0625em) and (max-width: 64em)\u0022 type=\u0022image\/webp\u0022 width=\u0022323\u0022 height=\u0022207\u0022\/\u003E\n                  \u003Csource srcset=\u0022\/sites\/default\/files\/styles\/teaser_standard__l\/public\/aurora\/2025\/11\/489728.jpeg.webp?itok=j3c3vpsS 1x\u0022 media=\u0022(min-width: 64.0625em)\u0022 type=\u0022image\/webp\u0022 width=\u0022203\u0022 height=\u0022130\u0022\/\u003E\n                  \u003Csource srcset=\u0022\/sites\/default\/files\/styles\/teaser_standard__m\/public\/aurora\/2025\/11\/489728.jpeg?itok=lajg5Shl 1x\u0022 media=\u0022(min-width: 48.0625em) and (max-width: 64em)\u0022 type=\u0022image\/jpeg\u0022 width=\u0022323\u0022 height=\u0022207\u0022\/\u003E\n                  \u003Csource srcset=\u0022\/sites\/default\/files\/styles\/teaser_standard__l\/public\/aurora\/2025\/11\/489728.jpeg?itok=MBS2raSu 1x\u0022 media=\u0022(min-width: 64.0625em)\u0022 type=\u0022image\/jpeg\u0022 width=\u0022203\u0022 height=\u0022130\u0022\/\u003E\n                          \u003Cimg loading=\u0022eager\u0022 data-caption-hide width=\u0022620\u0022 height=\u0022398\u0022 data-zoomed=\u0022https:\/\/www.diekaelte.de\/sites\/default\/files\/styles\/content__zoomed\/public\/aurora\/2025\/11\/489728.jpeg?itok=jyiyJalc\u0022 src=\u0022\/sites\/default\/files\/styles\/teaser_standard__s\/public\/aurora\/2025\/11\/489728.jpeg?itok=yxgZG16E\u0022 title=\u0022Nahaufnahme eines an der Wand montierten Klimager\u00e4ts in einem modernen, stilvollen B\u00fcro mit Pflanzen und Holzdekor. - \u00a9 Bild: Zewotherm\u0022 \/\u003E\n\n    \u003C\/picture\u003E\n      \u003Cfigcaption class=\u0022image--figcaption\u0022\u003E\n          \u003Cdiv class=\u0022copyright\u0022\u003EBild: Zewotherm\u003C\/div\u003E\n          \u003C\/figcaption\u003E\n\u003C\/figure\u003E\n\n\n    \u003C\/div\u003E\n    \u003Cdiv class=\u0022teaser-content\u0022\u003E\n                    \u003Cdiv class=\u0022teaser-content--kicker\u0022\u003E\n                    Zewotherm\n\n        \u003C\/div\u003E\n                                              \n                        \n        \u003Ch4 class=\u0022teaser-content--headline\u0022\u003E\n                                Klimager\u00e4te im Wohn- und \n                              \u003Cspan class=\u0022headline-last-word-arrow\u0022\u003EGewerbebau              \u003Cspan\n                  class=\u0022permission-lock permission-lock-icon--lock\u0022\u003E\u003C\/span\u003E\n                                  \u003C\/span\u003E\n        \u003C\/h4\u003E\n            \u003Cdiv class=\u0022teaser-content--publishing-date\u0022\u003E\u003Ctime datetime=\u00222025-11-04T10:17:53Z\u0022\u003E04.11.2025\u003C\/time\u003E\n\u003C\/div\u003E\u003Cspan class=\u0022teaser-content--publishing-date-divider\u0022\u003E - \u003C\/span\u003E\u003Cdiv class=\u0022teaser-content--body\u0022\u003E  \u003Cp\u003EZewotherm erweitert sein Produktprogramm um die Klimager\u00e4te der Serie Zewo Cool, die die Funktionen K\u00fchlen, Heizen, Entfeuchten und Luftreinigung kombinieren. Die als Single- oder Multi-Split-Systeme ausgelegten Ger\u00e4te sind in Leistungsstufen von 2,7\u2009kW bis 12,5\u2009kW f\u00fcr den Einsatz in Neubau und...\u003C\/p\u003E\n\n\n\u003C\/div\u003E\n                        \u003Cspan class=\u0022read-more-arrow-container\u0022\u003E\n            \u003Cspan class=\u0022read-more-angled-arrow\u0022\u003E \u003C\/span\u003E\n          \u003C\/span\u003E\n                  \u003C\/div\u003E\n    \u003C\/a\u003E\n\u003Ca href=\u0022\/klimatechnik\/oppermann-kondensationswaechter-fuer-kuehlflaechen\u0022  class=\u0022teaser teaser--standard\u0022 aria-label=\u0022Kondensationsw\u00e4chter f\u00fcr \u00adK\u00fchlfl\u00e4chen\r\u0022\u003E\n      \u003Cdiv class=\u0022teaser-content--image\u0022\u003E\n        \u003Cfigure class=\u0022image--figure\u0022\u003E\n        \u003Cpicture\u003E\n                        \u003Csource srcset=\u0022\/sites\/default\/files\/styles\/teaser_standard__m\/public\/aurora\/2025\/09\/480856.jpeg.webp?itok=gUcPAUln 1x\u0022 media=\u0022(min-width: 48.0625em) and (max-width: 64em)\u0022 type=\u0022image\/webp\u0022 width=\u0022198\u0022 height=\u0022242\u0022\/\u003E\n                  \u003Csource srcset=\u0022\/sites\/default\/files\/styles\/teaser_standard__l\/public\/aurora\/2025\/09\/480856.jpeg.webp?itok=NpjUTMrF 1x\u0022 media=\u0022(min-width: 64.0625em)\u0022 type=\u0022image\/webp\u0022 width=\u0022124\u0022 height=\u0022152\u0022\/\u003E\n                  \u003Csource srcset=\u0022\/sites\/default\/files\/styles\/teaser_standard__m\/public\/aurora\/2025\/09\/480856.jpeg?itok=n0ffVVaz 1x\u0022 media=\u0022(min-width: 48.0625em) and (max-width: 64em)\u0022 type=\u0022image\/jpeg\u0022 width=\u0022198\u0022 height=\u0022242\u0022\/\u003E\n                  \u003Csource srcset=\u0022\/sites\/default\/files\/styles\/teaser_standard__l\/public\/aurora\/2025\/09\/480856.jpeg?itok=jZOL0IOP 1x\u0022 media=\u0022(min-width: 64.0625em)\u0022 type=\u0022image\/jpeg\u0022 width=\u0022124\u0022 height=\u0022152\u0022\/\u003E\n                          \u003Cimg loading=\u0022eager\u0022 data-caption-hide width=\u0022326\u0022 height=\u0022398\u0022 data-zoomed=\u0022https:\/\/www.diekaelte.de\/sites\/default\/files\/styles\/content__zoomed\/public\/aurora\/2025\/09\/480856.jpeg?itok=rB22k1Ie\u0022 src=\u0022\/sites\/default\/files\/styles\/teaser_standard__s\/public\/aurora\/2025\/09\/480856.jpeg?itok=EqvrcRFU\u0022 title=\u0022Eine Hand h\u00e4lt ein Smartphone mit Sensordaten in der N\u00e4he eines CO2-Messger\u00e4ts, das 460 PPM anzeigt. - \u00a9 Bild: Oppermann\u0022 \/\u003E\n\n    \u003C\/picture\u003E\n      \u003Cfigcaption class=\u0022image--figcaption\u0022\u003E\n          \u003Cdiv class=\u0022copyright\u0022\u003EBild: Oppermann\u003C\/div\u003E\n          \u003C\/figcaption\u003E\n\u003C\/figure\u003E\n\n\n    \u003C\/div\u003E\n    \u003Cdiv class=\u0022teaser-content\u0022\u003E\n                    \u003Cdiv class=\u0022teaser-content--kicker\u0022\u003E\n                    Oppermann\n\n        \u003C\/div\u003E\n                                              \n                        \n        \u003Ch4 class=\u0022teaser-content--headline\u0022\u003E\n                                Kondensationsw\u00e4chter f\u00fcr \n                              \u003Cspan class=\u0022headline-last-word-arrow\u0022\u003E\u00adK\u00fchlfl\u00e4chen              \u003Cspan\n                  class=\u0022permission-lock permission-lock-icon--lock\u0022\u003E\u003C\/span\u003E\n                                  \u003C\/span\u003E\n        \u003C\/h4\u003E\n            \u003Cdiv class=\u0022teaser-content--publishing-date\u0022\u003E\u003Ctime datetime=\u00222025-09-30T10:17:09Z\u0022\u003E30.09.2025\u003C\/time\u003E\n\u003C\/div\u003E\u003Cspan class=\u0022teaser-content--publishing-date-divider\u0022\u003E - \u003C\/span\u003E\u003Cdiv class=\u0022teaser-content--body\u0022\u003E  \u003Cp\u003EOppermann Regelger\u00e4te bietet mit dem Opp-Sens CDS-CO einen Kondensationsw\u00e4chter zum Schutz vor Feuchtesch\u00e4den in Geb\u00e4uden mit K\u00fchldecken, kaltgef\u00fchrten Leitungen oder K\u00fchlr\u00e4umen an. Das Ger\u00e4t \u00fcberwacht kontinuierlich die Feuchtebedingungen an K\u00fchlfl\u00e4chen. Erkennt es Kondensat, schaltet ein...\u003C\/p\u003E\n\n\n\u003C\/div\u003E\n                        \u003Cspan class=\u0022read-more-arrow-container\u0022\u003E\n            \u003Cspan class=\u0022read-more-angled-arrow\u0022\u003E \u003C\/span\u003E\n          \u003C\/span\u003E\n                  \u003C\/div\u003E\n    \u003C\/a\u003E\n\u003Ca href=\u0022\/klimatechnik\/kaut-galletti-wand-geblaesekonvektoren-fuer-wassergefuehrte-systeme\u0022  class=\u0022teaser teaser--standard\u0022 aria-label=\u0022Wand-Gebl\u00e4sekonvektoren f\u00fcr wassergef\u00fchrte Systeme\r\u0022\u003E\n      \u003Cdiv class=\u0022teaser-content--image\u0022\u003E\n        \u003Cfigure class=\u0022image--figure\u0022\u003E\n        \u003Cpicture\u003E\n                        \u003Csource srcset=\u0022\/sites\/default\/files\/styles\/teaser_standard__m\/public\/aurora\/2025\/09\/474524.jpeg.webp?itok=Vqt6Psvd 1x\u0022 media=\u0022(min-width: 48.0625em) and (max-width: 64em)\u0022 type=\u0022image\/webp\u0022 width=\u0022323\u0022 height=\u0022182\u0022\/\u003E\n                  \u003Csource srcset=\u0022\/sites\/default\/files\/styles\/teaser_standard__l\/public\/aurora\/2025\/09\/474524.jpeg.webp?itok=5IXOy85A 1x\u0022 media=\u0022(min-width: 64.0625em)\u0022 type=\u0022image\/webp\u0022 width=\u0022203\u0022 height=\u0022114\u0022\/\u003E\n                  \u003Csource srcset=\u0022\/sites\/default\/files\/styles\/teaser_standard__m\/public\/aurora\/2025\/09\/474524.jpeg?itok=zWACJipE 1x\u0022 media=\u0022(min-width: 48.0625em) and (max-width: 64em)\u0022 type=\u0022image\/jpeg\u0022 width=\u0022323\u0022 height=\u0022182\u0022\/\u003E\n                  \u003Csource srcset=\u0022\/sites\/default\/files\/styles\/teaser_standard__l\/public\/aurora\/2025\/09\/474524.jpeg?itok=qYh0Iq_e 1x\u0022 media=\u0022(min-width: 64.0625em)\u0022 type=\u0022image\/jpeg\u0022 width=\u0022203\u0022 height=\u0022114\u0022\/\u003E\n                          \u003Cimg loading=\u0022eager\u0022 data-caption-hide width=\u0022708\u0022 height=\u0022398\u0022 data-zoomed=\u0022https:\/\/www.diekaelte.de\/sites\/default\/files\/styles\/content__zoomed\/public\/aurora\/2025\/09\/474524.jpeg?itok=cuf2Puri\u0022 src=\u0022\/sites\/default\/files\/styles\/teaser_standard__s\/public\/aurora\/2025\/09\/474524.jpeg?itok=iadqT8L6\u0022 title=\u0022Wei\u00dfes Wandklimager\u00e4t mit schlichtem, modernem Design auf einfarbig wei\u00dfem Hintergrund. - \u00a9 Bild: Kaut-Galletti\u0022 \/\u003E\n\n    \u003C\/picture\u003E\n      \u003Cfigcaption class=\u0022image--figcaption\u0022\u003E\n          \u003Cdiv class=\u0022copyright\u0022\u003EBild: Kaut-Galletti\u003C\/div\u003E\n          \u003C\/figcaption\u003E\n\u003C\/figure\u003E\n\n\n    \u003C\/div\u003E\n    \u003Cdiv class=\u0022teaser-content\u0022\u003E\n                    \u003Cdiv class=\u0022teaser-content--kicker\u0022\u003E\n                    Kaut-Galletti\n\n        \u003C\/div\u003E\n                                              \n                        \n        \u003Ch4 class=\u0022teaser-content--headline\u0022\u003E\n                                Wand-Gebl\u00e4sekonvektoren f\u00fcr wassergef\u00fchrte \n                              \u003Cspan class=\u0022headline-last-word-arrow\u0022\u003ESysteme              \u003Cspan\n                  class=\u0022permission-lock permission-lock-icon--lock\u0022\u003E\u003C\/span\u003E\n                                  \u003C\/span\u003E\n        \u003C\/h4\u003E\n            \u003Cdiv class=\u0022teaser-content--publishing-date\u0022\u003E\u003Ctime datetime=\u00222025-09-02T11:11:48Z\u0022\u003E02.09.2025\u003C\/time\u003E\n\u003C\/div\u003E\u003Cspan class=\u0022teaser-content--publishing-date-divider\u0022\u003E - \u003C\/span\u003E\u003Cdiv class=\u0022teaser-content--body\u0022\u003E  \u003Cp\u003EAlfred Kaut stellt die Wandger\u00e4te der Serie GHW von Galletti f\u00fcr wassergef\u00fchrte Systeme vor. Die Gebl\u00e4sekonvektoren sind f\u00fcr die Klimatisierung von B\u00fcros, Hotels und Wohnr\u00e4umen konzipiert. Herzst\u00fcck der Ger\u00e4te ist ein EC-Motor mit Inverter-Technologie, der einen Leistungsbereich von 2 bis 4\u2009kW...\u003C\/p\u003E\n\n\n\u003C\/div\u003E\n                        \u003Cspan class=\u0022read-more-arrow-container\u0022\u003E\n            \u003Cspan class=\u0022read-more-angled-arrow\u0022\u003E \u003C\/span\u003E\n          \u003C\/span\u003E\n                  \u003C\/div\u003E\n    \u003C\/a\u003E\n\u003Ca href=\u0022\/klimatechnik\/midea-wandklimageraet-mit-ki-steuerung\u0022  class=\u0022teaser teaser--standard\u0022 aria-label=\u0022Wandklimager\u00e4t mit KI-Steuerung\r\u0022\u003E\n      \u003Cdiv class=\u0022teaser-content--image\u0022\u003E\n        \u003Cfigure class=\u0022image--figure\u0022\u003E\n        \u003Cpicture\u003E\n                        \u003Csource srcset=\u0022\/sites\/default\/files\/styles\/teaser_standard__m\/public\/aurora\/2025\/09\/474526.jpeg.webp?itok=QRQR6GlS 1x\u0022 media=\u0022(min-width: 48.0625em) and (max-width: 64em)\u0022 type=\u0022image\/webp\u0022 width=\u0022323\u0022 height=\u0022150\u0022\/\u003E\n                  \u003Csource srcset=\u0022\/sites\/default\/files\/styles\/teaser_standard__l\/public\/aurora\/2025\/09\/474526.jpeg.webp?itok=RlTpbUh5 1x\u0022 media=\u0022(min-width: 64.0625em)\u0022 type=\u0022image\/webp\u0022 width=\u0022203\u0022 height=\u002295\u0022\/\u003E\n                  \u003Csource srcset=\u0022\/sites\/default\/files\/styles\/teaser_standard__m\/public\/aurora\/2025\/09\/474526.jpeg?itok=IZn6xcNi 1x\u0022 media=\u0022(min-width: 48.0625em) and (max-width: 64em)\u0022 type=\u0022image\/jpeg\u0022 width=\u0022323\u0022 height=\u0022150\u0022\/\u003E\n                  \u003Csource srcset=\u0022\/sites\/default\/files\/styles\/teaser_standard__l\/public\/aurora\/2025\/09\/474526.jpeg?itok=5JTIkgrZ 1x\u0022 media=\u0022(min-width: 64.0625em)\u0022 type=\u0022image\/jpeg\u0022 width=\u0022203\u0022 height=\u002295\u0022\/\u003E\n                          \u003Cimg loading=\u0022eager\u0022 data-caption-hide width=\u0022708\u0022 height=\u0022330\u0022 data-zoomed=\u0022https:\/\/www.diekaelte.de\/sites\/default\/files\/styles\/content__zoomed\/public\/aurora\/2025\/09\/474526.jpeg?itok=0rhg8ytR\u0022 src=\u0022\/sites\/default\/files\/styles\/teaser_standard__s\/public\/aurora\/2025\/09\/474526.jpeg?itok=D4eVHBZH\u0022 title=\u0022Schwarzes wandmontiertes Midea-Klimager\u00e4t mit digitaler Temperaturanzeige, eingestellt auf 26\u00b0C. - \u00a9 Bild: Midea\u0022 \/\u003E\n\n    \u003C\/picture\u003E\n      \u003Cfigcaption class=\u0022image--figcaption\u0022\u003E\n          \u003Cdiv class=\u0022copyright\u0022\u003EBild: Midea\u003C\/div\u003E\n          \u003C\/figcaption\u003E\n\u003C\/figure\u003E\n\n\n    \u003C\/div\u003E\n    \u003Cdiv class=\u0022teaser-content\u0022\u003E\n                    \u003Cdiv class=\u0022teaser-content--kicker\u0022\u003E\n                    Midea\n\n        \u003C\/div\u003E\n                                              \n                        \n        \u003Ch4 class=\u0022teaser-content--headline\u0022\u003E\n                                Wandklimager\u00e4t mit \n                              \u003Cspan class=\u0022headline-last-word-arrow\u0022\u003EKI-Steuerung              \u003Cspan\n                  class=\u0022permission-lock permission-lock-icon--lock\u0022\u003E\u003C\/span\u003E\n                                  \u003C\/span\u003E\n        \u003C\/h4\u003E\n            \u003Cdiv class=\u0022teaser-content--publishing-date\u0022\u003E\u003Ctime datetime=\u00222025-09-02T11:11:48Z\u0022\u003E02.09.2025\u003C\/time\u003E\n\u003C\/div\u003E\u003Cspan class=\u0022teaser-content--publishing-date-divider\u0022\u003E - \u003C\/span\u003E\u003Cdiv class=\u0022teaser-content--body\u0022\u003E  \u003Cp\u003EDas Wandklimager\u00e4t Solstice von Midea f\u00fcr Wohn- und Gewerbeobjekte kombiniert Klimatechnik mit einer KI-gest\u00fctzten Steuerung. Herzst\u00fcck ist der Algorithmus AI Ecomaster, der auf Basis von Umgebungs- und Nutzungsdaten die Heiz- und K\u00fchlleistung vorausschauend regelt und daf\u00fcr keine Internetverbindung...\u003C\/p\u003E\n\n\n\u003C\/div\u003E\n                        \u003Cspan class=\u0022read-more-arrow-container\u0022\u003E\n            \u003Cspan class=\u0022read-more-angled-arrow\u0022\u003E \u003C\/span\u003E\n          \u003C\/span\u003E\n                  \u003C\/div\u003E\n    \u003C\/a\u003E\n\u003Ca href=\u0022\/klimatechnik\/novopress-presstechnik-fuer-kaelte-und-klimatechnik\u0022  class=\u0022teaser teaser--standard\u0022 aria-label=\u0022Presstechnik f\u00fcr K\u00e4lte- und Klimatechnik\r\u0022\u003E\n      \u003Cdiv class=\u0022teaser-content--image\u0022\u003E\n        \u003Cfigure class=\u0022image--figure\u0022\u003E\n        \u003Cpicture\u003E\n                        \u003Csource srcset=\u0022\/sites\/default\/files\/styles\/teaser_standard__m\/public\/aurora\/2025\/09\/474528.jpeg.webp?itok=3YL2Yifb 1x\u0022 media=\u0022(min-width: 48.0625em) and (max-width: 64em)\u0022 type=\u0022image\/webp\u0022 width=\u0022323\u0022 height=\u0022182\u0022\/\u003E\n                  \u003Csource srcset=\u0022\/sites\/default\/files\/styles\/teaser_standard__l\/public\/aurora\/2025\/09\/474528.jpeg.webp?itok=UM9laGZl 1x\u0022 media=\u0022(min-width: 64.0625em)\u0022 type=\u0022image\/webp\u0022 width=\u0022203\u0022 height=\u0022114\u0022\/\u003E\n                  \u003Csource srcset=\u0022\/sites\/default\/files\/styles\/teaser_standard__m\/public\/aurora\/2025\/09\/474528.jpeg?itok=s8GvgKKI 1x\u0022 media=\u0022(min-width: 48.0625em) and (max-width: 64em)\u0022 type=\u0022image\/jpeg\u0022 width=\u0022323\u0022 height=\u0022182\u0022\/\u003E\n                  \u003Csource srcset=\u0022\/sites\/default\/files\/styles\/teaser_standard__l\/public\/aurora\/2025\/09\/474528.jpeg?itok=rGTo8wfG 1x\u0022 media=\u0022(min-width: 64.0625em)\u0022 type=\u0022image\/jpeg\u0022 width=\u0022203\u0022 height=\u0022114\u0022\/\u003E\n                          \u003Cimg loading=\u0022eager\u0022 data-caption-hide width=\u0022707\u0022 height=\u0022398\u0022 data-zoomed=\u0022https:\/\/www.diekaelte.de\/sites\/default\/files\/styles\/content__zoomed\/public\/aurora\/2025\/09\/474528.jpeg?itok=ipGTGqas\u0022 src=\u0022\/sites\/default\/files\/styles\/teaser_standard__s\/public\/aurora\/2025\/09\/474528.jpeg?itok=4EwNtiL3\u0022 title=\u0022Ein Arbeiter verwendet ein Presswerkzeug, um Kupferrohre an der Decke zu verbinden. Er tr\u00e4gt Handschuhe und Schutzkleidung. - \u00a9 Bild: Novopress\u0022 \/\u003E\n\n    \u003C\/picture\u003E\n      \u003Cfigcaption class=\u0022image--figcaption\u0022\u003E\n          \u003Cdiv class=\u0022copyright\u0022\u003EBild: Novopress\u003C\/div\u003E\n          \u003C\/figcaption\u003E\n\u003C\/figure\u003E\n\n\n    \u003C\/div\u003E\n    \u003Cdiv class=\u0022teaser-content\u0022\u003E\n                    \u003Cdiv class=\u0022teaser-content--kicker\u0022\u003E\n                    Novopress\n\n        \u003C\/div\u003E\n                                              \n                        \n        \u003Ch4 class=\u0022teaser-content--headline\u0022\u003E\n                                Presstechnik f\u00fcr K\u00e4lte- und \n                              \u003Cspan class=\u0022headline-last-word-arrow\u0022\u003EKlimatechnik              \u003Cspan\n                  class=\u0022permission-lock permission-lock-icon--lock\u0022\u003E\u003C\/span\u003E\n                                  \u003C\/span\u003E\n        \u003C\/h4\u003E\n            \u003Cdiv class=\u0022teaser-content--publishing-date\u0022\u003E\u003Ctime datetime=\u00222025-09-02T11:11:47Z\u0022\u003E02.09.2025\u003C\/time\u003E\n\u003C\/div\u003E\u003Cspan class=\u0022teaser-content--publishing-date-divider\u0022\u003E - \u003C\/span\u003E\u003Cdiv class=\u0022teaser-content--body\u0022\u003E  \u003Cp\u003ENovopress positioniert seine Presstechnik als Alternative zum L\u00f6ten f\u00fcr Rohrverbindungen in der K\u00e4lte- und Klimatechnik. In Kooperation mit Systemherstellern sind die Werkzeuge f\u00fcr die Rohrsysteme B MaxiPro von Conex B\u00e4nninger und Streamline ACR von Sanha ausgelegt, um den Anforderungen bez\u00fcglich...\u003C\/p\u003E\n\n\n\u003C\/div\u003E\n                        \u003Cspan class=\u0022read-more-arrow-container\u0022\u003E\n            \u003Cspan class=\u0022read-more-angled-arrow\u0022\u003E \u003C\/span\u003E\n          \u003C\/span\u003E\n                  \u003C\/div\u003E\n    \u003C\/a\u003E\n\u003Ca href=\u0022\/klimatechnik\/clivet-enthalpie-waermerueckgewinner-fuer-vrf-systeme\u0022  class=\u0022teaser teaser--standard\u0022 aria-label=\u0022Enthalpie-W\u00e4rmer\u00fcckgewinner f\u00fcr VRF-Systeme\r\u0022\u003E\n      \u003Cdiv class=\u0022teaser-content--image\u0022\u003E\n        \u003Cfigure class=\u0022image--figure\u0022\u003E\n        \u003Cpicture\u003E\n                        \u003Csource srcset=\u0022\/sites\/default\/files\/styles\/teaser_standard__m\/public\/aurora\/2025\/09\/474522.jpeg.webp?itok=sAzbUioM 1x\u0022 media=\u0022(min-width: 48.0625em) and (max-width: 64em)\u0022 type=\u0022image\/webp\u0022 width=\u0022323\u0022 height=\u0022160\u0022\/\u003E\n                  \u003Csource srcset=\u0022\/sites\/default\/files\/styles\/teaser_standard__l\/public\/aurora\/2025\/09\/474522.jpeg.webp?itok=CIBlV-Vp 1x\u0022 media=\u0022(min-width: 64.0625em)\u0022 type=\u0022image\/webp\u0022 width=\u0022203\u0022 height=\u0022100\u0022\/\u003E\n                  \u003Csource srcset=\u0022\/sites\/default\/files\/styles\/teaser_standard__m\/public\/aurora\/2025\/09\/474522.jpeg?itok=d8tTePj9 1x\u0022 media=\u0022(min-width: 48.0625em) and (max-width: 64em)\u0022 type=\u0022image\/jpeg\u0022 width=\u0022323\u0022 height=\u0022160\u0022\/\u003E\n                  \u003Csource srcset=\u0022\/sites\/default\/files\/styles\/teaser_standard__l\/public\/aurora\/2025\/09\/474522.jpeg?itok=O_h7FGof 1x\u0022 media=\u0022(min-width: 64.0625em)\u0022 type=\u0022image\/jpeg\u0022 width=\u0022203\u0022 height=\u0022100\u0022\/\u003E\n                          \u003Cimg loading=\u0022eager\u0022 data-caption-hide width=\u0022708\u0022 height=\u0022350\u0022 data-zoomed=\u0022https:\/\/www.diekaelte.de\/sites\/default\/files\/styles\/content__zoomed\/public\/aurora\/2025\/09\/474522.jpeg?itok=QHZNlT3t\u0022 src=\u0022\/sites\/default\/files\/styles\/teaser_standard__s\/public\/aurora\/2025\/09\/474522.jpeg?itok=sciBfMp3\u0022 title=\u0022Rechteckiges HLK-Ger\u00e4t aus Metall mit zwei runden Luftkan\u00e4len und einem Bedienfeld an der Seite. - \u00a9 Bild: Clivet\u0022 \/\u003E\n\n    \u003C\/picture\u003E\n      \u003Cfigcaption class=\u0022image--figcaption\u0022\u003E\n          \u003Cdiv class=\u0022copyright\u0022\u003EBild: Clivet\u003C\/div\u003E\n          \u003C\/figcaption\u003E\n\u003C\/figure\u003E\n\n\n    \u003C\/div\u003E\n    \u003Cdiv class=\u0022teaser-content\u0022\u003E\n                    \u003Cdiv class=\u0022teaser-content--kicker\u0022\u003E\n                    Clivet\n\n        \u003C\/div\u003E\n                                              \n                        \n        \u003Ch4 class=\u0022teaser-content--headline\u0022\u003E\n                                Enthalpie-W\u00e4rmer\u00fcckgewinner f\u00fcr \n                              \u003Cspan class=\u0022headline-last-word-arrow\u0022\u003EVRF-Systeme              \u003Cspan\n                  class=\u0022permission-lock permission-lock-icon--lock\u0022\u003E\u003C\/span\u003E\n                                  \u003C\/span\u003E\n        \u003C\/h4\u003E\n            \u003Cdiv class=\u0022teaser-content--publishing-date\u0022\u003E\u003Ctime datetime=\u00222025-09-02T11:11:45Z\u0022\u003E02.09.2025\u003C\/time\u003E\n\u003C\/div\u003E\u003Cspan class=\u0022teaser-content--publishing-date-divider\u0022\u003E - \u003C\/span\u003E\u003Cdiv class=\u0022teaser-content--body\u0022\u003E  \u003Cp\u003EClivet stellt die Enthalpie-W\u00e4rmer\u00fcckgewinner HRV-DX-3-XY und HRV-DXL-3-XY mit DX-Register f\u00fcr VRF-Systeme vor, die f\u00fcr Lufterneuerung, Heizung und K\u00fchlung ausgelegt sind. Die Baureihe HRV-DX-3-XY ist mit Leistungen von 3,0 und 5,8\u2009kW bei Luftvolumenstr\u00f6men von 500 und 1000 m\u00b3\/h erh\u00e4ltlich, w\u00e4hrend...\u003C\/p\u003E\n\n\n\u003C\/div\u003E\n                        \u003Cspan class=\u0022read-more-arrow-container\u0022\u003E\n            \u003Cspan class=\u0022read-more-angled-arrow\u0022\u003E \u003C\/span\u003E\n          \u003C\/span\u003E\n                  \u003C\/div\u003E\n    \u003C\/a\u003E\n\u003Ca href=\u0022\/klimatechnik\/panasonic-vrf-serie-mit-r-32-fuer-gewerbeimmobilien\u0022  class=\u0022teaser teaser--standard\u0022 aria-label=\u0022VRF-Serie mit R\u200932 f\u00fcr Gewerbeimmobilien\r\u0022\u003E\n      \u003Cdiv class=\u0022teaser-content--image\u0022\u003E\n        \u003Cfigure class=\u0022image--figure\u0022\u003E\n        \u003Cpicture\u003E\n                        \u003Csource srcset=\u0022\/sites\/default\/files\/styles\/teaser_standard__m\/public\/aurora\/2025\/08\/467594.jpeg.webp?itok=Kw-z_DP2 1x\u0022 media=\u0022(min-width: 48.0625em) and (max-width: 64em)\u0022 type=\u0022image\/webp\u0022 width=\u0022218\u0022 height=\u0022242\u0022\/\u003E\n                  \u003Csource srcset=\u0022\/sites\/default\/files\/styles\/teaser_standard__l\/public\/aurora\/2025\/08\/467594.jpeg.webp?itok=zxbvG_g4 1x\u0022 media=\u0022(min-width: 64.0625em)\u0022 type=\u0022image\/webp\u0022 width=\u0022137\u0022 height=\u0022152\u0022\/\u003E\n                  \u003Csource srcset=\u0022\/sites\/default\/files\/styles\/teaser_standard__m\/public\/aurora\/2025\/08\/467594.jpeg?itok=P5iVCU1a 1x\u0022 media=\u0022(min-width: 48.0625em) and (max-width: 64em)\u0022 type=\u0022image\/jpeg\u0022 width=\u0022218\u0022 height=\u0022242\u0022\/\u003E\n                  \u003Csource srcset=\u0022\/sites\/default\/files\/styles\/teaser_standard__l\/public\/aurora\/2025\/08\/467594.jpeg?itok=LJEvBGke 1x\u0022 media=\u0022(min-width: 64.0625em)\u0022 type=\u0022image\/jpeg\u0022 width=\u0022137\u0022 height=\u0022152\u0022\/\u003E\n                          \u003Cimg loading=\u0022eager\u0022 data-caption-hide width=\u0022358\u0022 height=\u0022398\u0022 data-zoomed=\u0022https:\/\/www.diekaelte.de\/sites\/default\/files\/styles\/content__zoomed\/public\/aurora\/2025\/08\/467594.jpeg?itok=_02vOHPV\u0022 src=\u0022\/sites\/default\/files\/styles\/teaser_standard__s\/public\/aurora\/2025\/08\/467594.jpeg?itok=zXTgs-en\u0022 title=\u0022Ein hohes, schwarzes Panasonic HVAC-Ger\u00e4t mit einer blauen Seitenwand vor einem schlichten, hellen Hintergrund. - \u00a9 Bild: Panasonic\u0022 \/\u003E\n\n    \u003C\/picture\u003E\n      \u003Cfigcaption class=\u0022image--figcaption\u0022\u003E\n          \u003Cdiv class=\u0022copyright\u0022\u003EBild: Panasonic\u003C\/div\u003E\n          \u003C\/figcaption\u003E\n\u003C\/figure\u003E\n\n\n    \u003C\/div\u003E\n    \u003Cdiv class=\u0022teaser-content\u0022\u003E\n                    \u003Cdiv class=\u0022teaser-content--kicker\u0022\u003E\n                    Panasonic\n\n        \u003C\/div\u003E\n                                              \n                        \n        \u003Ch4 class=\u0022teaser-content--headline\u0022\u003E\n                                VRF-Serie mit R\u200932 f\u00fcr \n                              \u003Cspan class=\u0022headline-last-word-arrow\u0022\u003EGewerbeimmobilien              \u003Cspan\n                  class=\u0022permission-lock permission-lock-icon--lock\u0022\u003E\u003C\/span\u003E\n                                  \u003C\/span\u003E\n        \u003C\/h4\u003E\n            \u003Cdiv class=\u0022teaser-content--publishing-date\u0022\u003E\u003Ctime datetime=\u00222025-08-05T12:13:22Z\u0022\u003E05.08.2025\u003C\/time\u003E\n\u003C\/div\u003E\u003Cspan class=\u0022teaser-content--publishing-date-divider\u0022\u003E - \u003C\/span\u003E\u003Cdiv class=\u0022teaser-content--body\u0022\u003E  \u003Cp\u003EPanasonic stellt mit der Ecoi EX MZ\u20091 eine 2-Leiter-VRF-Serie f\u00fcr Gewerbeimmobilien vor, die das K\u00e4ltemittel R\u200932 nutzt und f\u00f6rderf\u00e4hig ist. Ein 7,35\u2009kW Modell der Baureihe erreicht einen saisonalen Wirkungsgrad \u03b7sc von 310,1\u2009% im K\u00fchlbetrieb und einen \u03b7sh-Wert von 172,4\u2009% im Heizbetrieb. Der...\u003C\/p\u003E\n\n\n\u003C\/div\u003E\n                        \u003Cspan class=\u0022read-more-arrow-container\u0022\u003E\n            \u003Cspan class=\u0022read-more-angled-arrow\u0022\u003E \u003C\/span\u003E\n          \u003C\/span\u003E\n                  \u003C\/div\u003E\n    \u003C\/a\u003E\n\u003Ca href=\u0022\/klimatechnik\/lg-klimageraet-mit-ki-funktionen\u0022  class=\u0022teaser teaser--standard\u0022 aria-label=\u0022Klimager\u00e4t mit\u00a0KI-Funktionen\r\u0022\u003E\n      \u003Cdiv class=\u0022teaser-content--image\u0022\u003E\n        \u003Cfigure class=\u0022image--figure\u0022\u003E\n        \u003Cpicture\u003E\n                        \u003Csource srcset=\u0022\/sites\/default\/files\/styles\/teaser_standard__m\/public\/aurora\/2025\/08\/467592.jpeg.webp?itok=jX7irzrZ 1x\u0022 media=\u0022(min-width: 48.0625em) and (max-width: 64em)\u0022 type=\u0022image\/webp\u0022 width=\u0022323\u0022 height=\u0022166\u0022\/\u003E\n                  \u003Csource srcset=\u0022\/sites\/default\/files\/styles\/teaser_standard__l\/public\/aurora\/2025\/08\/467592.jpeg.webp?itok=LBVUnYhk 1x\u0022 media=\u0022(min-width: 64.0625em)\u0022 type=\u0022image\/webp\u0022 width=\u0022203\u0022 height=\u0022105\u0022\/\u003E\n                  \u003Csource srcset=\u0022\/sites\/default\/files\/styles\/teaser_standard__m\/public\/aurora\/2025\/08\/467592.jpeg?itok=NeqTbv8D 1x\u0022 media=\u0022(min-width: 48.0625em) and (max-width: 64em)\u0022 type=\u0022image\/jpeg\u0022 width=\u0022323\u0022 height=\u0022166\u0022\/\u003E\n                  \u003Csource srcset=\u0022\/sites\/default\/files\/styles\/teaser_standard__l\/public\/aurora\/2025\/08\/467592.jpeg?itok=yCsr8DKK 1x\u0022 media=\u0022(min-width: 64.0625em)\u0022 type=\u0022image\/jpeg\u0022 width=\u0022203\u0022 height=\u0022105\u0022\/\u003E\n                          \u003Cimg loading=\u0022eager\u0022 data-caption-hide width=\u0022708\u0022 height=\u0022364\u0022 data-zoomed=\u0022https:\/\/www.diekaelte.de\/sites\/default\/files\/styles\/content__zoomed\/public\/aurora\/2025\/08\/467592.jpeg?itok=3RfOGLi4\u0022 src=\u0022\/sites\/default\/files\/styles\/teaser_standard__s\/public\/aurora\/2025\/08\/467592.jpeg?itok=EOz6dFk3\u0022 title=\u0022Elegantes, modernes wandmontiertes LG-Klimager\u00e4t mit reflektierender Frontplatte und Digitalanzeige. - \u00a9 Bild: LG\u0022 \/\u003E\n\n    \u003C\/picture\u003E\n      \u003Cfigcaption class=\u0022image--figcaption\u0022\u003E\n          \u003Cdiv class=\u0022copyright\u0022\u003EBild: LG\u003C\/div\u003E\n          \u003C\/figcaption\u003E\n\u003C\/figure\u003E\n\n\n    \u003C\/div\u003E\n    \u003Cdiv class=\u0022teaser-content\u0022\u003E\n                    \u003Cdiv class=\u0022teaser-content--kicker\u0022\u003E\n                    LG\n\n        \u003C\/div\u003E\n                                              \n                        \n        \u003Ch4 class=\u0022teaser-content--headline\u0022\u003E\n                                Klimager\u00e4t \n                              \u003Cspan class=\u0022headline-last-word-arrow\u0022\u003Emit\u00a0KI-Funktionen              \u003Cspan\n                  class=\u0022permission-lock permission-lock-icon--lock\u0022\u003E\u003C\/span\u003E\n                                  \u003C\/span\u003E\n        \u003C\/h4\u003E\n            \u003Cdiv class=\u0022teaser-content--publishing-date\u0022\u003E\u003Ctime datetime=\u00222025-08-05T12:13:20Z\u0022\u003E05.08.2025\u003C\/time\u003E\n\u003C\/div\u003E\u003Cspan class=\u0022teaser-content--publishing-date-divider\u0022\u003E - \u003C\/span\u003E\u003Cdiv class=\u0022teaser-content--body\u0022\u003E  \u003Cp\u003EMit dem Artcool AI Air stellt LG ein Klimager\u00e4t vor, dessen AI-Core-Technologie das Nutzungsverhalten analysiert, um die Einstellungen individuell anzupassen. Der AI-Air-Modus reguliert St\u00e4rke und Richtung des Luftstroms in Echtzeit, basierend auf der Raumaufteilung und der Position der anwesenden...\u003C\/p\u003E\n\n\n\u003C\/div\u003E\n                        \u003Cspan class=\u0022read-more-arrow-container\u0022\u003E\n            \u003Cspan class=\u0022read-more-angled-arrow\u0022\u003E \u003C\/span\u003E\n          \u003C\/span\u003E\n                  \u003C\/div\u003E\n    \u003C\/a\u003E\n\u003Ca href=\u0022\/klimatechnik\/linum-leise-minikondensatpumpe\u0022  class=\u0022teaser teaser--standard\u0022 aria-label=\u0022Leise Minikondensatpumpe\r\u0022\u003E\n      \u003Cdiv class=\u0022teaser-content--image\u0022\u003E\n        \u003Cfigure class=\u0022image--figure\u0022\u003E\n        \u003Cpicture\u003E\n                        \u003Csource srcset=\u0022\/sites\/default\/files\/styles\/teaser_standard__m\/public\/aurora\/2025\/07\/458099.jpeg.webp?itok=gcrKVsnI 1x\u0022 media=\u0022(min-width: 48.0625em) and (max-width: 64em)\u0022 type=\u0022image\/webp\u0022 width=\u0022323\u0022 height=\u0022207\u0022\/\u003E\n                  \u003Csource srcset=\u0022\/sites\/default\/files\/styles\/teaser_standard__l\/public\/aurora\/2025\/07\/458099.jpeg.webp?itok=1JOQCdDG 1x\u0022 media=\u0022(min-width: 64.0625em)\u0022 type=\u0022image\/webp\u0022 width=\u0022203\u0022 height=\u0022130\u0022\/\u003E\n                  \u003Csource srcset=\u0022\/sites\/default\/files\/styles\/teaser_standard__m\/public\/aurora\/2025\/07\/458099.jpeg?itok=6u6_13T0 1x\u0022 media=\u0022(min-width: 48.0625em) and (max-width: 64em)\u0022 type=\u0022image\/jpeg\u0022 width=\u0022323\u0022 height=\u0022207\u0022\/\u003E\n                  \u003Csource srcset=\u0022\/sites\/default\/files\/styles\/teaser_standard__l\/public\/aurora\/2025\/07\/458099.jpeg?itok=s5QbSqC0 1x\u0022 media=\u0022(min-width: 64.0625em)\u0022 type=\u0022image\/jpeg\u0022 width=\u0022203\u0022 height=\u0022130\u0022\/\u003E\n                          \u003Cimg loading=\u0022eager\u0022 data-caption-hide width=\u0022622\u0022 height=\u0022398\u0022 data-zoomed=\u0022https:\/\/www.diekaelte.de\/sites\/default\/files\/styles\/content__zoomed\/public\/aurora\/2025\/07\/458099.jpeg?itok=UzOOebvq\u0022 src=\u0022\/sites\/default\/files\/styles\/teaser_standard__s\/public\/aurora\/2025\/07\/458099.jpeg?itok=SDi10kxT\u0022 title=\u0022\u00a9 Bild: Linum\u0022 \/\u003E\n\n    \u003C\/picture\u003E\n      \u003Cfigcaption class=\u0022image--figcaption\u0022\u003E\n          \u003Cdiv class=\u0022copyright\u0022\u003EBild: Linum\u003C\/div\u003E\n          \u003C\/figcaption\u003E\n\u003C\/figure\u003E\n\n\n    \u003C\/div\u003E\n    \u003Cdiv class=\u0022teaser-content\u0022\u003E\n                    \u003Cdiv class=\u0022teaser-content--kicker\u0022\u003E\n                    Linum\n\n        \u003C\/div\u003E\n                                              \n                        \n        \u003Ch4 class=\u0022teaser-content--headline\u0022\u003E\n                                Leise \n                              \u003Cspan class=\u0022headline-last-word-arrow\u0022\u003EMinikondensatpumpe              \u003Cspan\n                  class=\u0022permission-lock permission-lock-icon--lock\u0022\u003E\u003C\/span\u003E\n                                  \u003C\/span\u003E\n        \u003C\/h4\u003E\n            \u003Cdiv class=\u0022teaser-content--publishing-date\u0022\u003E\u003Ctime datetime=\u00222025-07-01T12:11:28Z\u0022\u003E01.07.2025\u003C\/time\u003E\n\u003C\/div\u003E\u003Cspan class=\u0022teaser-content--publishing-date-divider\u0022\u003E - \u003C\/span\u003E\u003Cdiv class=\u0022teaser-content--body\u0022\u003E  \u003Cp\u003EDie Mini-Kondensatpumpe Airli A\u200920 von Linum Europe dient der Ableitung von Kondenswasser in Klimaanlagen. Sie nutzt einen kapazitiven Sensor zur Wassererkennung anstelle eines Schwimmers, was die Lebensdauer erh\u00f6ht. Eine automatische Leistungsanpassung reduziert den Ger\u00e4uschpegel auf 17 bis 19\u2009dB(A...\u003C\/p\u003E\n\n\n\u003C\/div\u003E\n                        \u003Cspan class=\u0022read-more-arrow-container\u0022\u003E\n            \u003Cspan class=\u0022read-more-angled-arrow\u0022\u003E \u003C\/span\u003E\n          \u003C\/span\u003E\n                  \u003C\/div\u003E\n    \u003C\/a\u003E\n\u003Ca href=\u0022\/klimatechnik\/mitsubishi-electric-waermepumpentechnik-fuer-wohngebaeude\u0022  class=\u0022teaser teaser--standard\u0022 aria-label=\u0022W\u00e4rmepumpentechnik f\u00fcr Wohngeb\u00e4ude\r\u0022\u003E\n      \u003Cdiv class=\u0022teaser-content--image\u0022\u003E\n        \u003Cfigure class=\u0022image--figure\u0022\u003E\n        \u003Cpicture\u003E\n                        \u003Csource srcset=\u0022\/sites\/default\/files\/styles\/teaser_standard__m\/public\/aurora\/2025\/07\/458097.jpeg.webp?itok=1UgteH00 1x\u0022 media=\u0022(min-width: 48.0625em) and (max-width: 64em)\u0022 type=\u0022image\/webp\u0022 width=\u0022139\u0022 height=\u0022242\u0022\/\u003E\n                  \u003Csource srcset=\u0022\/sites\/default\/files\/styles\/teaser_standard__l\/public\/aurora\/2025\/07\/458097.jpeg.webp?itok=C_iYAYw6 1x\u0022 media=\u0022(min-width: 64.0625em)\u0022 type=\u0022image\/webp\u0022 width=\u002287\u0022 height=\u0022152\u0022\/\u003E\n                  \u003Csource srcset=\u0022\/sites\/default\/files\/styles\/teaser_standard__m\/public\/aurora\/2025\/07\/458097.jpeg?itok=a7NJYIFG 1x\u0022 media=\u0022(min-width: 48.0625em) and (max-width: 64em)\u0022 type=\u0022image\/jpeg\u0022 width=\u0022139\u0022 height=\u0022242\u0022\/\u003E\n                  \u003Csource srcset=\u0022\/sites\/default\/files\/styles\/teaser_standard__l\/public\/aurora\/2025\/07\/458097.jpeg?itok=U2s3rSbc 1x\u0022 media=\u0022(min-width: 64.0625em)\u0022 type=\u0022image\/jpeg\u0022 width=\u002287\u0022 height=\u0022152\u0022\/\u003E\n                          \u003Cimg loading=\u0022eager\u0022 data-caption-hide width=\u0022228\u0022 height=\u0022398\u0022 data-zoomed=\u0022https:\/\/www.diekaelte.de\/sites\/default\/files\/styles\/content__zoomed\/public\/aurora\/2025\/07\/458097.jpeg?itok=I3pQZnfg\u0022 src=\u0022\/sites\/default\/files\/styles\/teaser_standard__s\/public\/aurora\/2025\/07\/458097.jpeg?itok=VGcxiPTd\u0022 title=\u0022\u00a9 Bild: Mitsubishi Electric\u0022 \/\u003E\n\n    \u003C\/picture\u003E\n      \u003Cfigcaption class=\u0022image--figcaption\u0022\u003E\n          \u003Cdiv class=\u0022copyright\u0022\u003EBild: Mitsubishi Electric\u003C\/div\u003E\n          \u003C\/figcaption\u003E\n\u003C\/figure\u003E\n\n\n    \u003C\/div\u003E\n    \u003Cdiv class=\u0022teaser-content\u0022\u003E\n                    \u003Cdiv class=\u0022teaser-content--kicker\u0022\u003E\n                    Mitsubishi Electric\n\n        \u003C\/div\u003E\n                                              \n                        \n        \u003Ch4 class=\u0022teaser-content--headline\u0022\u003E\n                                W\u00e4rmepumpentechnik f\u00fcr \n                              \u003Cspan class=\u0022headline-last-word-arrow\u0022\u003EWohngeb\u00e4ude              \u003Cspan\n                  class=\u0022permission-lock permission-lock-icon--lock\u0022\u003E\u003C\/span\u003E\n                                  \u003C\/span\u003E\n        \u003C\/h4\u003E\n            \u003Cdiv class=\u0022teaser-content--publishing-date\u0022\u003E\u003Ctime datetime=\u00222025-07-01T12:11:27Z\u0022\u003E01.07.2025\u003C\/time\u003E\n\u003C\/div\u003E\u003Cspan class=\u0022teaser-content--publishing-date-divider\u0022\u003E - \u003C\/span\u003E\u003Cdiv class=\u0022teaser-content--body\u0022\u003E  \u003Cp\u003EMitsubishi Electric zeigt L\u00f6sungen f\u00fcr Heizen und K\u00fchlen in Ein- und Mehrfamilienh\u00e4usern sowie in Nahw\u00e4rmenetzen. Dazu geh\u00f6ren unter anderem Luft\/Wasser- und Luft\/Luft-W\u00e4rmepumpen mit nat\u00fcrlichen K\u00e4ltemitteln wie Propan (R\u2009290) und CO2 (R\u2009744), die aufgrund ihres niedrigen Treibhauspotenzials als...\u003C\/p\u003E\n\n\n\u003C\/div\u003E\n                        \u003Cspan class=\u0022read-more-arrow-container\u0022\u003E\n            \u003Cspan class=\u0022read-more-angled-arrow\u0022\u003E \u003C\/span\u003E\n          \u003C\/span\u003E\n                  \u003C\/div\u003E\n    \u003C\/a\u003E\n\u003Ca href=\u0022\/klimatechnik\/schuetz-variable-deckentemperierung-fuer-alt-und-neubauten\u0022  class=\u0022teaser teaser--standard\u0022 aria-label=\u0022Variable Deckentemperierung f\u00fcr Alt- und Neubauten\r\u0022\u003E\n      \u003Cdiv class=\u0022teaser-content--image\u0022\u003E\n        \u003Cfigure class=\u0022image--figure\u0022\u003E\n        \u003Cpicture\u003E\n                        \u003Csource srcset=\u0022\/sites\/default\/files\/styles\/teaser_standard__m\/public\/aurora\/2025\/05\/444068.jpeg.webp?itok=Olqxc8q6 1x\u0022 media=\u0022(min-width: 48.0625em) and (max-width: 64em)\u0022 type=\u0022image\/webp\u0022 width=\u0022287\u0022 height=\u0022242\u0022\/\u003E\n                  \u003Csource srcset=\u0022\/sites\/default\/files\/styles\/teaser_standard__l\/public\/aurora\/2025\/05\/444068.jpeg.webp?itok=FmWbUKF4 1x\u0022 media=\u0022(min-width: 64.0625em)\u0022 type=\u0022image\/webp\u0022 width=\u0022180\u0022 height=\u0022152\u0022\/\u003E\n                  \u003Csource srcset=\u0022\/sites\/default\/files\/styles\/teaser_standard__m\/public\/aurora\/2025\/05\/444068.jpeg?itok=OQu-5UH0 1x\u0022 media=\u0022(min-width: 48.0625em) and (max-width: 64em)\u0022 type=\u0022image\/jpeg\u0022 width=\u0022287\u0022 height=\u0022242\u0022\/\u003E\n                  \u003Csource srcset=\u0022\/sites\/default\/files\/styles\/teaser_standard__l\/public\/aurora\/2025\/05\/444068.jpeg?itok=dj9NywVR 1x\u0022 media=\u0022(min-width: 64.0625em)\u0022 type=\u0022image\/jpeg\u0022 width=\u0022180\u0022 height=\u0022152\u0022\/\u003E\n                          \u003Cimg loading=\u0022eager\u0022 data-caption-hide width=\u0022471\u0022 height=\u0022398\u0022 data-zoomed=\u0022https:\/\/www.diekaelte.de\/sites\/default\/files\/styles\/content__zoomed\/public\/aurora\/2025\/05\/444068.jpeg?itok=_SeVlGkQ\u0022 src=\u0022\/sites\/default\/files\/styles\/teaser_standard__s\/public\/aurora\/2025\/05\/444068.jpeg?itok=6nfR7YB6\u0022 title=\u0022Optimierter Alt-Text: \u201eMontage einer Traversenschiene f\u00fcr ein K\u00e4lteleitungs- oder L\u00fcftungskanalsystem an einer abgeh\u00e4ngten Akustikdecke in einem Technikraum.\u201c. - \u00a9 Bild: Sch\u00fctz\u0022 \/\u003E\n\n    \u003C\/picture\u003E\n      \u003Cfigcaption class=\u0022image--figcaption\u0022\u003E\n          \u003Cdiv class=\u0022copyright\u0022\u003EBild: Sch\u00fctz\u003C\/div\u003E\n          \u003C\/figcaption\u003E\n\u003C\/figure\u003E\n\n\n    \u003C\/div\u003E\n    \u003Cdiv class=\u0022teaser-content\u0022\u003E\n                    \u003Cdiv class=\u0022teaser-content--kicker\u0022\u003E\n                    Sch\u00fctz\n\n        \u003C\/div\u003E\n                                              \n                        \n        \u003Ch4 class=\u0022teaser-content--headline\u0022\u003E\n                                Variable Deckentemperierung f\u00fcr Alt- und \n                              \u003Cspan class=\u0022headline-last-word-arrow\u0022\u003ENeubauten              \u003Cspan\n                  class=\u0022permission-lock permission-lock-icon--lock\u0022\u003E\u003C\/span\u003E\n                                  \u003C\/span\u003E\n        \u003C\/h4\u003E\n            \u003Cdiv class=\u0022teaser-content--publishing-date\u0022\u003E\u003Ctime datetime=\u00222025-05-06T12:06:51Z\u0022\u003E06.05.2025\u003C\/time\u003E\n\u003C\/div\u003E\u003Cspan class=\u0022teaser-content--publishing-date-divider\u0022\u003E - \u003C\/span\u003E\u003Cdiv class=\u0022teaser-content--body\u0022\u003E  \u003Cp\u003ESch\u00fctz hat sein Produktangebot um modulare Deckentemperierungssysteme erweitert, die sowohl heizen als auch k\u00fchlen k\u00f6nnen. Die Systeme eignen sich f\u00fcr den Einsatz in Neu- und Altbauten sowie in denkmalgesch\u00fctzten Geb\u00e4uden. Sie lassen sich mit minimalem Installationsaufwand auch bei geringen...\u003C\/p\u003E\n\n\n\u003C\/div\u003E\n                        \u003Cspan class=\u0022read-more-arrow-container\u0022\u003E\n            \u003Cspan class=\u0022read-more-angled-arrow\u0022\u003E \u003C\/span\u003E\n          \u003C\/span\u003E\n                  \u003C\/div\u003E\n    \u003C\/a\u003E\n","entity_type":"node","used_ids":["",256680,256679,256677,255154,255153,249720,249719,249718,249717,247881,246380,246379,246378,246377,245212,245211,243475,243474,240683],"show_more":"\u003Cdiv class=\u0022del-show-more\u0022\u003E\u003Ca href=\u0022\/ajax\/del\/f474670e-a7f2-416c-b2a1-bfbb8df509f2\/paragraph\/20\/19\/asc\/eyJub2RlIjp7ImlkIjoiMTkyMDEyIiwidHlwZSI6InBhZ2UifX0%3D\u0022 title=\u0022Mehr Elemente anzeigen\u0022 class=\u0022del-show-more-link use-ajax\u0022 rel=\u0022nofollow\u0022 data-target-type=\u0022node\u0022 aria-controls=\u0022del--paragraph-671730--content\u0022 aria-label=\u0022Mehr Elemente anzeigen\u0022\u003EMehr anzeigen\u003C\/a\u003E\u003C\/div\u003E\n"}]